{"id":1779,"date":"2008-09-10T17:44:48","date_gmt":"2008-09-10T16:44:48","guid":{"rendered":"http:\/\/revistaconsell.com\/?p=1779"},"modified":"2020-05-25T17:46:17","modified_gmt":"2020-05-25T16:46:17","slug":"los-derechos-fundamentales-en-la-union-europea","status":"publish","type":"post","link":"https:\/\/revistaconsell.com\/es\/los-derechos-fundamentales-en-la-union-europea\/","title":{"rendered":"Los derechos fundamentales en la Uni\u00f3n Europea"},"content":{"rendered":"\n\n\n\t<div class=\"dkpdf-button-container\" style=\" text-align:right \">\n\n\t\t<a class=\"dkpdf-button\" href=\"\/es\/wp-json\/wp\/v2\/posts\/1779\/?pdf=1779\" target=\"_blank\"><span class=\"dkpdf-button-icon\"><i class=\"fa fa-file-pdf-o\"><\/i><\/span> PDF<\/a>\n\n\t<\/div>\n\n\n\n\n\n\n<p class=\"has-medium-font-size\">El diario La Ley de 11-1-2007 publica la Carta de los derechos fundamentales de la Uni\u00f3n Europea (DOUEC de 14- 12), que entrar\u00eda en vigor el 1-1-2009. Carta cuyo objeto es reafirmar, dentro del respeto de las competencias y misiones de la Uni\u00f3n, as\u00ed como del principio de subsidiaridad, los derechos que emanan de las tradiciones constitucionales y obligaciones internacionales comunes a los estados miembros; del Convenio Europeo para la Protecci\u00f3n de los Derechos Humanos y de las Libertades Fundamentales; de las cartas sociales adoptadas por la Uni\u00f3n y por el Consejo de Europa; y de la Jurisprudencia del Tribunal de Justicia de la Uni\u00f3n Europea y del Tribunal Europeo de Derechos Humanos.<\/p>\n\n\n\n<p>Carta que se compone de siete t\u00edtulos: uno referido a la \u201cDignidad humana\u201d, el derecho a la vida, el derecho a la integridad de la persona, la prohibici\u00f3n de la tortura y de las penas o los tratos inhumanos o degradantes y la prohibici\u00f3n de la esclavitud y el trabajo forzado.<\/p>\n\n\n\n<p>Otro, a la \u201cLibertad\u201d, que engloba los derechos a la libertad y a la seguridad, el respeto de la vida privada y familiar, la protecci\u00f3n de los datos de car\u00e1cter personal, el derecho a contraer matrimonio y derecho a fundar una familia, la libertad de pensamiento, de conciencia y de religi\u00f3n, la libertad de expresi\u00f3n e informaci\u00f3n, la libertad de reuni\u00f3n y asociaci\u00f3n, la libertad de las artes y de las ciencias, el derecho a la educaci\u00f3n, la libertad profesional y derecho a trabajar, la libertad de empresa, el derecho a la propiedad, el derecho de asilo y la protecci\u00f3n en caso de devoluci\u00f3n, expulsi\u00f3n y extradici\u00f3n.<\/p>\n\n\n\n<p>Otro, a la \u201cIgualdad\u201d, que comprende la igualdad ante la ley, la prohibici\u00f3n de la discriminaci\u00f3n, el respeto por la diversidad cultural, religiosa y ling\u00fc\u00edstica, la garant\u00eda de la igualdad entre hombres y mujeres, los derechos del ni\u00f1o y de las personas mayores y el derecho de integraci\u00f3n de las personas discapacitadas.<\/p>\n\n\n\n<p>Otro, a la \u201cSolidaridad\u201d, que abarca el derecho a la informaci\u00f3n y a la consulta de los trabajadores en la empresa, el derecho de negociaci\u00f3n y de acci\u00f3n colectiva, el derecho de acceso a los servicios de colocaci\u00f3n, el derecho a la protecci\u00f3n en caso de despido injustificado, el derecho a condiciones de trabajo justas y equitativas, la prohibici\u00f3n del trabajo infantil y protecci\u00f3n de los j\u00f3venes en el trabajo, la garant\u00eda de protecci\u00f3n de la vida familiar y profesional, el derecho de acceso a prestaciones de seguridad social y ayuda social, la protecci\u00f3n de la salud, el acceso a los servicios de inter\u00e9s econ\u00f3mico general, la garant\u00eda de protecci\u00f3n del medio ambiente y de protecci\u00f3n de los consumidores.<\/p>\n\n\n\n<blockquote class=\"wp-block-quote\"><p>La prohibici\u00f3n de la discriminaci\u00f3n, el respeto por la diversidad cultural, religiosa y ling\u00fc\u00edstica, la garant\u00eda de la igualdad entre hombres y mujeres, los derechos del ni\u00f1o y de las personas mayores y el derecho de integraci\u00f3n de las personas discapacitadas<\/p><\/blockquote>\n\n\n\n<p>Otro, a la \u201cCiudadan\u00eda\u201d, que contiene el derecho de sufragio activo y pasivo en las elecciones al Parlamento Europeo y en las elecciones municipales, el derecho a una buena administraci\u00f3n, el derecho de acceso a los documentos, el derecho a someter al Defensor del Pueblo Europeo los casos de mala administraci\u00f3n en la actuaci\u00f3n de las instituciones, el derecho de petici\u00f3n ante el Parlamento Europeo, la libertad de circulaci\u00f3n y de residencia y el derecho a la protecci\u00f3n diplom\u00e1tica y consular.<\/p>\n\n\n\n<p>Otro, a la \u201cJusticia\u201d, que disciplina el derecho a la tutela judicial efectiva y a un juez imparcial, la presunci\u00f3n de inocencia y respecto por los derechos de la defensa, la garant\u00eda de los principios de legalidad y de proporcionalidad de los delitos y las penas y el derecho a no ser acusado o condenado penalmente dos veces por el mismo delito.<\/p>\n","protected":false},"excerpt":{"rendered":"<p>PDF El diario La Ley de 11-1-2007 publica la Carta de los derechos fundamentales de la Uni\u00f3n Europea (DOUEC de 14- 12), que entrar\u00eda en vigor el 1-1-2009. Carta cuyo objeto es reafirmar, dentro del respeto de las competencias y misiones de la Uni\u00f3n, as\u00ed como del principio de subsidiaridad, los derechos que emanan de [&hellip;]<\/p>\n","protected":false},"author":11,"featured_media":0,"comment_status":"open","ping_status":"open","sticky":false,"template":"","format":"standard","meta":{"advgb_blocks_editor_width":"","advgb_blocks_columns_visual_guide":"","_editorskit_title_hidden":false,"_editorskit_reading_time":0},"categories":[92],"tags":[],"author_meta":{"display_name":"finderwilber","author_link":"https:\/\/revistaconsell.com\/es\/author\/finderwilber\/"},"featured_img":null,"_links":{"self":[{"href":"https:\/\/revistaconsell.com\/es\/wp-json\/wp\/v2\/posts\/1779\/"}],"collection":[{"href":"https:\/\/revistaconsell.com\/es\/wp-json\/wp\/v2\/posts\/"}],"about":[{"href":"https:\/\/revistaconsell.com\/es\/wp-json\/wp\/v2\/types\/post\/"}],"author":[{"embeddable":true,"href":"https:\/\/revistaconsell.com\/es\/wp-json\/wp\/v2\/users\/11\/"}],"replies":[{"embeddable":true,"href":"https:\/\/revistaconsell.com\/es\/wp-json\/wp\/v2\/comments\/?post=1779"}],"version-history":[{"count":1,"href":"https:\/\/revistaconsell.com\/es\/wp-json\/wp\/v2\/posts\/1779\/revisions\/"}],"predecessor-version":[{"id":1780,"href":"https:\/\/revistaconsell.com\/es\/wp-json\/wp\/v2\/posts\/1779\/revisions\/1780\/"}],"wp:attachment":[{"href":"https:\/\/revistaconsell.com\/es\/wp-json\/wp\/v2\/media\/?parent=1779"}],"wp:term":[{"taxonomy":"category","embeddable":true,"href":"https:\/\/revistaconsell.com\/es\/wp-json\/wp\/v2\/categories\/?post=1779"},{"taxonomy":"post_tag","embeddable":true,"href":"https:\/\/revistaconsell.com\/es\/wp-json\/wp\/v2\/tags\/?post=1779"}],"curies":[{"name":"wp","href":"https:\/\/api.w.org\/{rel}","templated":true}]}}