{"id":1793,"date":"2008-09-10T17:55:00","date_gmt":"2008-09-10T16:55:00","guid":{"rendered":"http:\/\/revistaconsell.com\/?p=1793"},"modified":"2020-05-25T17:56:26","modified_gmt":"2020-05-25T16:56:26","slug":"la-aplicacion-de-la-renta-basica-de-emancipacion-por-las-comunidades-autonomas","status":"publish","type":"post","link":"https:\/\/revistaconsell.com\/es\/la-aplicacion-de-la-renta-basica-de-emancipacion-por-las-comunidades-autonomas\/","title":{"rendered":"La aplicaci\u00f3n de la renta b\u00e1sica de emancipaci\u00f3n por las comunidades aut\u00f3nomas"},"content":{"rendered":"\n\n\n\t<div class=\"dkpdf-button-container\" style=\" text-align:right \">\n\n\t\t<a class=\"dkpdf-button\" href=\"\/es\/wp-json\/wp\/v2\/posts\/1793\/?pdf=1793\" target=\"_blank\"><span class=\"dkpdf-button-icon\"><i class=\"fa fa-file-pdf-o\"><\/i><\/span> PDF<\/a>\n\n\t<\/div>\n\n\n\n\n\n\n<p class=\"has-medium-font-size\">Cuando se promulg\u00f3 el Real decreto 1472\/2007, de 2 de noviembre, aprobando la renta b\u00e1sica de emancipaci\u00f3n, que hemos comentado en esta misma revista (n.\u00ba 73), se preve\u00eda en su art\u00edculo 4 que la gesti\u00f3n de las ayudas se realizar\u00e1 conforme a lo que establezcan los convenios de colaboraci\u00f3n que el Ministerio de la Vivienda suscriba con las comunidades aut\u00f3nomas y ciudades de Ceuta y Melilla, puntualizando en la disposici\u00f3n adicional 2.\u00aa que las mismas podr\u00e1n establecer requisitos adicionales para la concesi\u00f3n de la renta base de emancipaci\u00f3n.<\/p>\n\n\n\n<p>Estos convenios han sido ya suscritos con las siguientes comunidades aut\u00f3nomas: Ciudad de Ceuta, Ciudad de Melilla, Comunidad Aut\u00f3noma de Andaluc\u00eda, Comunidad Aut\u00f3noma de Arag\u00f3n, Comunidad Aut\u00f3noma de Canarias, Comunidad Aut\u00f3noma de Cantabria, Comunidad Aut\u00f3noma de Castilla- La Mancha, Comunidad Aut\u00f3noma de Catalu\u00f1a, Comunidad Aut\u00f3noma de Extremadura, Comunidad Aut\u00f3noma de Galicia, Comunidad Aut\u00f3noma de La Rioja, Comunidad Aut\u00f3noma de la Regi\u00f3n de Murcia, Comunidad Aut\u00f3noma de las Islas Baleares, Comunidad Aut\u00f3noma del Pa\u00eds Vasco, Comunidad Aut\u00f3noma del Principado de Asturias, Comunidad de Castilla y Le\u00f3n, Comunidad de Madrid y Comunidad Valenciana. Todas ellas, por resoluciones de la misma fecha de 7-3-2008, dictadas por la Subsecretar\u00eda del Ministerio de la Vivienda, que se publica en el BOE de 25-3-2008. Con referencia a Catalu\u00f1a, el Convenio puede resumirse as\u00ed:<\/p>\n\n\n\n<ul><li>La RBE ser\u00e1 incompatible con la percepci\u00f3n de otras ayudas al pago del alquiler que tenga establecido la Generalitat de Catalunya.<br><\/li><li>La Generalitat de Catalunya, mediante la Secretaria d\u2019Habitatge del Departament de Medi Ambient i Habitatge, se compromete a la realizaci\u00f3n de las siguientes actuaciones, a trav\u00e9s de la empresa p\u00fablica Administraci\u00f3, Promoci\u00f3 i Gesti\u00f3, SA (ADIGSA):<\/li><\/ul>\n\n\n\n<ol style=\"--ek-indent:20px\" class=\"has-ek-indent\"><li>Reconocer el cumplimiento de los requisitos que habilitan para acceder a las ayudas que configuran la renta b\u00e1sica de emancipaci\u00f3n, emitiendo resoluciones provisionales y definitivas al respecto, seg\u00fan corresponda, declaratorias del derecho a dichas ayudas. A tal efecto, la Generalitat de Catalunya recabar\u00e1 las informaciones pertinentes relativas a los requisitos a cumplir por el solicitante, de la Agencia Tributaria, de la Seguridad Social, del Catastro Inmobiliario o de otras fuentes de informaci\u00f3n.<br><\/li><li>Comunicar al Ministerio de Vivienda las resoluciones definitivas, y, en su caso, su modificaci\u00f3n, revocaci\u00f3n o suspensi\u00f3n, con el suficiente grado de detalle que permita que dicho Ministerio efect\u00fae un eficaz seguimiento y control.<br><\/li><li>Habilitar las Oficines Locals d\u2019Habitatge, las Borses de Mediaci\u00f3 per al Lloguer Social y las Borses Joves d\u2019Habitatge como ventanillas \u00fanicas para la informaci\u00f3n, presentaci\u00f3n y tramitaci\u00f3n de solicitudes de RBE.<br><\/li><li>Adoptar las medidas necesarias de todo tipo, en coordinaci\u00f3n con el Ministerio de Vivienda, a fin de dar a conocer a los ciudadanos de su territorio la existencia y condiciones de la RBE y facilitarles la solicitud de la misma.<br><\/li><li>Coordinar la informaci\u00f3n con el Ministerio de Vivienda para el reintegro de las ayudas indebidamente abonadas como consecuencia de una modificaci\u00f3n, revocaci\u00f3n o suspensi\u00f3n y para la devoluci\u00f3n del pr\u00e9stamo. La Generalitat de Catalunya comunicar\u00e1 al interesado la obligaci\u00f3n de su devoluci\u00f3n a la Administraci\u00f3n general del Estado.<\/li><\/ol>\n\n\n\n<ul><li>El presente Convenio de colaboraci\u00f3n podr\u00e1 ser modificado de mutuo acuerdo entre las partes, siempre que el oportuno acuerdo haya tenido lugar antes de la expiraci\u00f3n de su plazo de duraci\u00f3n. Ser\u00e1n causa de resoluci\u00f3n del presente Convenio de colaboraci\u00f3n el mutuo acuerdo de las partes, as\u00ed como el acuerdo motivado de una de ellas debido al incumplimiento de la otra de alguna de sus cl\u00e1usulas, debiendo ser comunicado el incumplimiento mediante preaviso, al menos, con dos meses de antelaci\u00f3n a la fecha propuesta de resoluci\u00f3n. La resoluci\u00f3n del Convenio no afectar\u00e1, si as\u00ed lo acuerdan las partes, a la finalizaci\u00f3n de las actividades que estuvieran en ejecuci\u00f3n y que incidieran gravemente en los posibles resultados pretendidos con el objeto del mismo.<br><\/li><li>El presente Convenio de colaboraci\u00f3n surtir\u00e1 efecto desde el d\u00eda de su firma y mientras se mantenga en vigor el Real decreto 1472\/2007, de 2 de noviembre, sin perjuicio de su pr\u00f3rroga previo acuerdo de las partes, hasta el t\u00e9rmino de las actuaciones en \u00e9l previstas.<\/li><\/ul>\n","protected":false},"excerpt":{"rendered":"<p>PDF Cuando se promulg\u00f3 el Real decreto 1472\/2007, de 2 de noviembre, aprobando la renta b\u00e1sica de emancipaci\u00f3n, que hemos comentado en esta misma revista (n.\u00ba 73), se preve\u00eda en su art\u00edculo 4 que la gesti\u00f3n de las ayudas se realizar\u00e1 conforme a lo que establezcan los convenios de colaboraci\u00f3n que el Ministerio de la [&hellip;]<\/p>\n","protected":false},"author":11,"featured_media":0,"comment_status":"open","ping_status":"open","sticky":false,"template":"","format":"standard","meta":{"advgb_blocks_editor_width":"","advgb_blocks_columns_visual_guide":"","_editorskit_title_hidden":false,"_editorskit_reading_time":0},"categories":[60],"tags":[],"author_meta":{"display_name":"finderwilber","author_link":"https:\/\/revistaconsell.com\/es\/author\/finderwilber\/"},"featured_img":null,"_links":{"self":[{"href":"https:\/\/revistaconsell.com\/es\/wp-json\/wp\/v2\/posts\/1793\/"}],"collection":[{"href":"https:\/\/revistaconsell.com\/es\/wp-json\/wp\/v2\/posts\/"}],"about":[{"href":"https:\/\/revistaconsell.com\/es\/wp-json\/wp\/v2\/types\/post\/"}],"author":[{"embeddable":true,"href":"https:\/\/revistaconsell.com\/es\/wp-json\/wp\/v2\/users\/11\/"}],"replies":[{"embeddable":true,"href":"https:\/\/revistaconsell.com\/es\/wp-json\/wp\/v2\/comments\/?post=1793"}],"version-history":[{"count":1,"href":"https:\/\/revistaconsell.com\/es\/wp-json\/wp\/v2\/posts\/1793\/revisions\/"}],"predecessor-version":[{"id":1794,"href":"https:\/\/revistaconsell.com\/es\/wp-json\/wp\/v2\/posts\/1793\/revisions\/1794\/"}],"wp:attachment":[{"href":"https:\/\/revistaconsell.com\/es\/wp-json\/wp\/v2\/media\/?parent=1793"}],"wp:term":[{"taxonomy":"category","embeddable":true,"href":"https:\/\/revistaconsell.com\/es\/wp-json\/wp\/v2\/categories\/?post=1793"},{"taxonomy":"post_tag","embeddable":true,"href":"https:\/\/revistaconsell.com\/es\/wp-json\/wp\/v2\/tags\/?post=1793"}],"curies":[{"name":"wp","href":"https:\/\/api.w.org\/{rel}","templated":true}]}}