{"id":1809,"date":"2008-12-10T11:12:00","date_gmt":"2008-12-10T10:12:00","guid":{"rendered":"http:\/\/revistaconsell.com\/?p=1809"},"modified":"2020-05-26T11:18:15","modified_gmt":"2020-05-26T10:18:15","slug":"sobre-los-criterios-de-accesibilidad-y-no-discriminacion-de-las-personas-con-discapacidad","status":"publish","type":"post","link":"https:\/\/revistaconsell.com\/es\/sobre-los-criterios-de-accesibilidad-y-no-discriminacion-de-las-personas-con-discapacidad\/","title":{"rendered":"Sobre los criterios de accesibilidad y no discriminaci\u00f3n de las personas con discapacidad"},"content":{"rendered":"\n\n\n\t<div class=\"dkpdf-button-container\" style=\" text-align:right \">\n\n\t\t<a class=\"dkpdf-button\" href=\"\/es\/wp-json\/wp\/v2\/posts\/1809\/?pdf=1809\" target=\"_blank\"><span class=\"dkpdf-button-icon\"><i class=\"fa fa-file-pdf-o\"><\/i><\/span> PDF<\/a>\n\n\t<\/div>\n\n\n\n\n\n\n<p>La necesidad de adaptar las fincas en general y las viviendas y locales en particular a las limitaciones que sufren los minusv\u00e1lidos y que aparecen reconocidas en la Constituci\u00f3n Espa\u00f1ola, hizo necesaria la promulgaci\u00f3n de una serie de disposiciones por parte del Estado espa\u00f1ol y de las comunidades aut\u00f3nomas.<\/p>\n\n\n\n<p>Refiri\u00e9ndonos a la legislaci\u00f3n estatal, estas disposiciones son las siguientes:<\/p>\n\n\n\n<ul><li><strong><span style=\"text-decoration: underline;\" class=\"ek-underline\">A<\/span>rt\u00edculo 49 de la Constituci\u00f3n.<\/strong><br><\/li><li><strong>Resoluci\u00f3n 3447, de 9 de diciembre de 1975, de la Asamblea General de las Naciones Unidas<\/strong> sobre declaraci\u00f3n de los derechos de los impedidos.<br><\/li><li><strong>Real Decreto 355\/1980, 25 de enero<\/strong> (BOE del 28 de febrero) sobre reserva y situaci\u00f3n de viviendas de protecci\u00f3n oficial destinadas a minusv\u00e1lidos.<br><\/li><li><strong>Orden de 3 de marzo de 1980<\/strong> sobre caracter\u00edsticas de accesos, aparatos elevadores y acondicionamiento interior de las viviendas de protecci\u00f3n oficial.<br><\/li><li><strong>Real Decreto 1723\/1980, de 24 de julio de 1981<\/strong>, sobre reconocimiento, declaraci\u00f3n y clasificaci\u00f3n de las condiciones de subnormal y minusv\u00e1lido.<br><\/li><li><strong>Orden de 5 de enero de 1982<\/strong>, complementaria de la anterior.<br><\/li><li><strong>Ley 13\/1982, de 7 de abril <\/strong>(BOE del 30 de abril).<br><\/li><li><strong>Real Decreto 556\/1989, de 19 de mayo<\/strong> (BOE del 23 de mayo), por el que se arbitran medidas m\u00ednimas sobre accesibilidad en los edificios.<br><\/li><li><strong>Ley de 21 de julio de 1990<\/strong> modificando el art\u00edculo 6 de la Ley de propiedad horizontal, que a su vez es modificada por el art\u00edculo 17 de la <strong>Ley de reforma de la anterior de 6 de abril de 1999.<\/strong><br><\/li><li><strong>Ley de arrendamientos urbanos de 24 de noviembre de 1994<\/strong>, que se ocupa de los arrendatarios en situaci\u00f3n de minusval\u00eda en los siguientes art\u00edculos: \u201cA) Art\u00edculo 16. Al declarar que en caso de muerte del arrendatario podr\u00e1n subrogarse el contrato: f) Las personas distintas de las mencionadas en las letras anteriores que sufren una minusval\u00eda igual o superior al 65%, siempre que tengan una relaci\u00f3n de parentesco hasta el tercer grado colateral con el arrendatario y hayan convivido con \u00e9ste durante los dos a\u00f1os anteriores al fallecimiento. B) El art\u00edculo 24, al disponer respecto a los arrendatarios con minusval\u00eda. 1.\u00ba) El arrendatario, previa notificaci\u00f3n escrita al arrendador, podr\u00e1 realizar en la vivienda las obras que sean necesarias para adecuar \u00e9sta a su condici\u00f3n de minusv\u00e1lido o a la de su c\u00f3nyuge o de la persona con quien conviva de forma permanente en an\u00e1loga relaci\u00f3n de afectividad, con independencia de su orientaci\u00f3n sexual o a la de los familiares que con \u00e9l convivan; 2.\u00ba) El arrendatario est\u00e1 obligado, al t\u00e9rmino del contrato, a reponer la vivienda al estado anterior si as\u00ed lo exige el arrendador; C) La disposici\u00f3n transitoria 2.\u00aa, apartado 4, p\u00e1rrafo 2.\u00ba, al declarar que el contrato se extinguir\u00e1 al fallecimiento del subrogado salvo que lo fuera un hijo del arrendatario no afectado por una minusval\u00eda igual o superior al 65%, en cuyo caso se extinguir\u00e1 a los dos a\u00f1os o en la fecha en que el subrogado cumpla 25 a\u00f1os, si \u00e9sta fuera posterior; D) La disposici\u00f3n adicional 9.\u00aa, al declarar que los efectos prevenidos en esta ley, la situaci\u00f3n de minusval\u00eda y su grado deber\u00e1n ser declarados, de acuerdo con la normativa vigente, por los centros y servicios de las administraciones p\u00fablicas competentes.<br><\/li><li><strong>Ley de 30-5-1995<\/strong> sobre l\u00edmites del dominio sobre inmuebles para eliminar barreras arquitect\u00f3nicas a las personas con discapacidad.<br><\/li><li><strong>Ley 51\/2003 de 2<\/strong> de igualdad de oportunidad y accesibilidad universal de las personas con discapacidad.<br><\/li><li><strong>Real Decreto 366\/2007, de 16 de marzo<\/strong>, por el que se establece la condici\u00f3n de accesibilidad y no discriminaci\u00f3n de las personas con discapacidad en su relaci\u00f3n con la Administraci\u00f3n general del Estado.<br><\/li><li><strong>Orden PRE\/446\/2008, de 20 de febrero<\/strong>, por la que se determinan las especificaciones y caracter\u00edsticas t\u00e9cnicas de las condiciones y criterios de accesibilidad y no discriminaci\u00f3n establecidas en el Real decreto 366\/2007, de 16 de marzo.<\/li><\/ul>\n\n\n\n<blockquote class=\"wp-block-quote\"><p>El arrendatario, previa notificaci\u00f3n escrita al arrendador, podr\u00e1 realizar en la vivienda las obras que sean necesarias para adecuar \u00e9sta a su condici\u00f3n de minusv\u00e1lido o a la de su c\u00f3nyuge o de la persona con quien conviva de forma permanente<\/p><\/blockquote>\n\n\n\n<p>En relaci\u00f3n a Catalu\u00f1a, hemos de citar:<\/p>\n\n\n\n<ul><li><strong>Ley Parlamento Catal\u00e1n 20\/1991, de 25 de noviembre<\/strong> (DOGC del 4 de diciembre).<br><\/li><li><strong>Decreto 135\/1995, de 24 de marzo<\/strong> (DOGC del 28 de abril), desarrollando la anterior.<br><\/li><li><strong>Resoluci\u00f3n 20-7-2001<\/strong>, por la que se hace p\u00fablico el acuerdo del a\u00f1o 2000 (DOG de 7 de agosto de 2000) del Gobierno de la Generalitat en materia de supresi\u00f3n de barreras arquitect\u00f3nicas.<\/li><\/ul>\n","protected":false},"excerpt":{"rendered":"<p>PDF La necesidad de adaptar las fincas en general y las viviendas y locales en particular a las limitaciones que sufren los minusv\u00e1lidos y que aparecen reconocidas en la Constituci\u00f3n Espa\u00f1ola, hizo necesaria la promulgaci\u00f3n de una serie de disposiciones por parte del Estado espa\u00f1ol y de las comunidades aut\u00f3nomas. Refiri\u00e9ndonos a la legislaci\u00f3n estatal, [&hellip;]<\/p>\n","protected":false},"author":11,"featured_media":0,"comment_status":"open","ping_status":"open","sticky":false,"template":"","format":"standard","meta":{"advgb_blocks_editor_width":"","advgb_blocks_columns_visual_guide":"","_editorskit_title_hidden":false,"_editorskit_reading_time":2},"categories":[52],"tags":[],"author_meta":{"display_name":"finderwilber","author_link":"https:\/\/revistaconsell.com\/es\/author\/finderwilber\/"},"featured_img":null,"_links":{"self":[{"href":"https:\/\/revistaconsell.com\/es\/wp-json\/wp\/v2\/posts\/1809\/"}],"collection":[{"href":"https:\/\/revistaconsell.com\/es\/wp-json\/wp\/v2\/posts\/"}],"about":[{"href":"https:\/\/revistaconsell.com\/es\/wp-json\/wp\/v2\/types\/post\/"}],"author":[{"embeddable":true,"href":"https:\/\/revistaconsell.com\/es\/wp-json\/wp\/v2\/users\/11\/"}],"replies":[{"embeddable":true,"href":"https:\/\/revistaconsell.com\/es\/wp-json\/wp\/v2\/comments\/?post=1809"}],"version-history":[{"count":1,"href":"https:\/\/revistaconsell.com\/es\/wp-json\/wp\/v2\/posts\/1809\/revisions\/"}],"predecessor-version":[{"id":1810,"href":"https:\/\/revistaconsell.com\/es\/wp-json\/wp\/v2\/posts\/1809\/revisions\/1810\/"}],"wp:attachment":[{"href":"https:\/\/revistaconsell.com\/es\/wp-json\/wp\/v2\/media\/?parent=1809"}],"wp:term":[{"taxonomy":"category","embeddable":true,"href":"https:\/\/revistaconsell.com\/es\/wp-json\/wp\/v2\/categories\/?post=1809"},{"taxonomy":"post_tag","embeddable":true,"href":"https:\/\/revistaconsell.com\/es\/wp-json\/wp\/v2\/tags\/?post=1809"}],"curies":[{"name":"wp","href":"https:\/\/api.w.org\/{rel}","templated":true}]}}