{"id":2195,"date":"2010-06-10T23:55:21","date_gmt":"2010-06-10T22:55:21","guid":{"rendered":"http:\/\/revistaconsell.com\/?p=2195"},"modified":"2020-05-28T23:56:12","modified_gmt":"2020-05-28T22:56:12","slug":"decreto-de-la-generalitat-de-cataluna-176-2009-de-10-de-noviembre-por-el-que-se-aprueba-el-reglamento-de-la-ley-16-2002-de-28-de-junio-de-proteccion-contra-la-contaminacion-acustica-y-se-adaptan","status":"publish","type":"post","link":"https:\/\/revistaconsell.com\/es\/decreto-de-la-generalitat-de-cataluna-176-2009-de-10-de-noviembre-por-el-que-se-aprueba-el-reglamento-de-la-ley-16-2002-de-28-de-junio-de-proteccion-contra-la-contaminacion-acustica-y-se-adaptan\/","title":{"rendered":"Decreto de la Generalitat de Catalu\u00f1a 176\/2009, de 10 de noviembre, por el que se aprueba el Reglamento de la Ley 16\/2002, de 28 de junio, de protecci\u00f3n contra la contaminaci\u00f3n ac\u00fastica, y se adaptan sus anexos"},"content":{"rendered":"\n\n\n\t<div class=\"dkpdf-button-container\" style=\" text-align:right \">\n\n\t\t<a class=\"dkpdf-button\" href=\"\/es\/wp-json\/wp\/v2\/posts\/2195\/?pdf=2195\" target=\"_blank\"><span class=\"dkpdf-button-icon\"><i class=\"fa fa-file-pdf-o\"><\/i><\/span> PDF<\/a>\n\n\t<\/div>\n\n\n\n\n\n\n<p>Por este Decreto, que aparece publicado&nbsp; en el DOGC de 16-11-2009, se aprueba&nbsp; el Reglamento de la Ley 16\/2002, de 28&nbsp; de junio, de protecci\u00f3n contra la contaminaci\u00f3n&nbsp; ac\u00fastica, y se adaptan los&nbsp; anexos de esta \u00faltima Ley.&nbsp;<\/p>\n\n\n\n<p>Consta de sesenta y un art\u00edculos, cuatro&nbsp; disposiciones adicionales, seis disposiciones&nbsp; transitorias, dos disposiciones derogatorias,&nbsp; en el sentido de derogar el apartado&nbsp; 4 del art\u00edculo 6 y el apartado 3 del&nbsp; art\u00edculo 7 del Decreto 245\/2005, de 8 de&nbsp; noviembre, por el que se fijan los criterios&nbsp; para la elaboraci\u00f3n de los mapas de capacidad&nbsp; ac\u00fastica, y tambi\u00e9n el contenido&nbsp; de la letra j del apartado 1 del art\u00edculo 25&nbsp; del Decreto 289\/2006, de 4 de julio; una&nbsp; disposici\u00f3n final 1.\u00aa sobre modificaci\u00f3n del&nbsp; Decreto 245\/2005, de 8 de noviembre,&nbsp; por el que se fijan los criterios para la elaboraci\u00f3n&nbsp; de los mapas de capacidad&nbsp; ac\u00fastica; una disposici\u00f3n final 2.\u00aa que modifica&nbsp; el Decreto 289\/2006, de 4 de julio,&nbsp; de reestructuraci\u00f3n parcial del Departamento&nbsp; de Medio Ambiente y Vivienda; y&nbsp; una disposici\u00f3n final 3.\u00aa sobre entrada en&nbsp; vigor al d\u00eda siguiente de su publicaci\u00f3n en&nbsp; el <em>Diari Oficial de la Generalitat.&nbsp;<\/em><br><br>El nuevo Reglamento consta en un cap\u00edtulo&nbsp; preliminar sobre \u201cel objeto y principios&nbsp; generales\u201d, el cap\u00edtulo I sobre \u201cdisposiciones&nbsp; generales\u201d, el II sobre \u201ccompetencias&nbsp; sobre la contaminaci\u00f3n ac\u00fastica\u201d, el III sobre&nbsp; \u201czonificaci\u00f3n ac\u00fastica del territorio\u201d, el&nbsp; IV sobre \u201cgesti\u00f3n ambiental del ruido\u201d, el&nbsp; V sobre \u201cniveles de evaluaci\u00f3n\u201d, el VI sobre&nbsp; \u201cintervenci\u00f3n administrativa\u201d, y el VII&nbsp; sobre \u201cacreditaci\u00f3n de entidades de prevenci\u00f3n&nbsp; de la contaminaci\u00f3n ac\u00fastica\u201d.&nbsp;<\/p>\n\n\n\n<p><em><strong>El Reglamento de la Ley 16\/2002, contra&nbsp; la contaminaci\u00f3n ac\u00fastica, contempla:&nbsp;<\/strong><\/em> en el anexo A la \u201ccalidad ac\u00fastica del&nbsp; territorio y los mapas de capacidad\u201d; en&nbsp; B, los \u201cobjetivos de calidad aplicables al&nbsp; espacio interior de las edificaciones destinadas&nbsp; a vivienda o usos residenciales,&nbsp; hospitalario, educativos o culturales\u201d; en&nbsp; el C, la \u201cgesti\u00f3n ambiental del ruido\u201d, y en&nbsp; el D, las \u201czonas de ruido\u201d.&nbsp;<\/p>\n\n\n\n<blockquote class=\"wp-block-quote\"><p>Contempla: en el anexo A la \u201ccalidad ac\u00fastica del territorio y los mapas de capacidad\u201d; en B, los \u201cobjetivos de calidad aplicables al espacio interior de las edificaciones destinadas a vivienda o usos residenciales, hospitalario, educativos o culturales\u201d; en el C, la \u201cgesti\u00f3n ambiental del ruido\u201d, y en el D, las \u201czonas de ruido<\/p><\/blockquote>\n\n\n\n<p><strong><em>En los anexos de la Ley 16\/2002 de 28&nbsp; de junio de protecci\u00f3n contra la contaminaci\u00f3n&nbsp; ac\u00fastica se contempla lo siguiente:<\/em><\/strong>&nbsp; en el <strong>1<\/strong>, la \u201cinmisi\u00f3n sonora en el ambiente&nbsp; exterior producida por las infraestructuras&nbsp; de transporte viario, ferroviario y&nbsp; mar\u00edtimo\u201d; en el <strong>2<\/strong>, la \u201cinmisi\u00f3n sonora en el&nbsp; ambiente exterior producida por las infraestructuras&nbsp; aeroportuarias\u201d; en el <strong>3<\/strong>, la \u201cinmisi\u00f3n&nbsp; sonora aplicable en el ambiente&nbsp; exterior producida por las actividades, incluidas&nbsp; las derivadas de las relaciones de&nbsp; vecindario\u201d; en el <strong>4<\/strong>, la \u201cinmisi\u00f3n sonora&nbsp; aplicable en el ambiente interior producida&nbsp; por las actividades, incluidas las derivadas&nbsp; de las relaciones de vecindario\u201d; en el <strong>5<\/strong>, la&nbsp; \u201cinmisi\u00f3n sonora aplicable en el ambiente&nbsp; exterior producida por las instalaciones de&nbsp; tiro\u201d; en el <strong>6<\/strong>, la \u201cemisi\u00f3n de ruido de los&nbsp; veh\u00edculos a motor y de los ciclomotores\u201d;&nbsp; en el <strong>7<\/strong>, la \u201cinmisi\u00f3n de las vibraciones en&nbsp; los interiores de los edificios\u201d; en el <strong>8<\/strong>, las&nbsp; \u201cexigencias relativas a los m\u00e9todos de c\u00e1lculo&nbsp; y medici\u00f3n para la determinaci\u00f3n de&nbsp; los \u00edndices de ruido y los equipos de medici\u00f3n\u201d;&nbsp; en el <strong>9<\/strong>, el \u201caislamiento ac\u00fastico en&nbsp; las fachadas contra el ruido a\u00e9reo\u201d; en el&nbsp; <strong>10<\/strong>, el \u201ccontenido de un estudio de impacto&nbsp; ac\u00fastico para las nuevas actividades\u201d; en&nbsp; el <strong>11<\/strong>, el \u201ccontenido de un estudio de impacto&nbsp; ac\u00fastico para infraestructuras de&nbsp; transporte\u201d; en el <strong>12<\/strong>, los \u201cindicadores de&nbsp; los mapas estrat\u00e9gicos de ruido\u201d.<\/p>\n","protected":false},"excerpt":{"rendered":"<p>PDF Por este Decreto, que aparece publicado&nbsp; en el DOGC de 16-11-2009, se aprueba&nbsp; el Reglamento de la Ley 16\/2002, de 28&nbsp; de junio, de protecci\u00f3n contra la contaminaci\u00f3n&nbsp; ac\u00fastica, y se adaptan los&nbsp; anexos de esta \u00faltima Ley.&nbsp; Consta de sesenta y un art\u00edculos, cuatro&nbsp; disposiciones adicionales, seis disposiciones&nbsp; transitorias, dos disposiciones derogatorias,&nbsp; en [&hellip;]<\/p>\n","protected":false},"author":13,"featured_media":0,"comment_status":"open","ping_status":"open","sticky":false,"template":"","format":"standard","meta":{"advgb_blocks_editor_width":"","advgb_blocks_columns_visual_guide":"","_editorskit_title_hidden":false,"_editorskit_reading_time":2},"categories":[52],"tags":[],"author_meta":{"display_name":"Clara Valls","author_link":"https:\/\/revistaconsell.com\/es\/author\/claravalls\/"},"featured_img":null,"_links":{"self":[{"href":"https:\/\/revistaconsell.com\/es\/wp-json\/wp\/v2\/posts\/2195\/"}],"collection":[{"href":"https:\/\/revistaconsell.com\/es\/wp-json\/wp\/v2\/posts\/"}],"about":[{"href":"https:\/\/revistaconsell.com\/es\/wp-json\/wp\/v2\/types\/post\/"}],"author":[{"embeddable":true,"href":"https:\/\/revistaconsell.com\/es\/wp-json\/wp\/v2\/users\/13\/"}],"replies":[{"embeddable":true,"href":"https:\/\/revistaconsell.com\/es\/wp-json\/wp\/v2\/comments\/?post=2195"}],"version-history":[{"count":1,"href":"https:\/\/revistaconsell.com\/es\/wp-json\/wp\/v2\/posts\/2195\/revisions\/"}],"predecessor-version":[{"id":2196,"href":"https:\/\/revistaconsell.com\/es\/wp-json\/wp\/v2\/posts\/2195\/revisions\/2196\/"}],"wp:attachment":[{"href":"https:\/\/revistaconsell.com\/es\/wp-json\/wp\/v2\/media\/?parent=2195"}],"wp:term":[{"taxonomy":"category","embeddable":true,"href":"https:\/\/revistaconsell.com\/es\/wp-json\/wp\/v2\/categories\/?post=2195"},{"taxonomy":"post_tag","embeddable":true,"href":"https:\/\/revistaconsell.com\/es\/wp-json\/wp\/v2\/tags\/?post=2195"}],"curies":[{"name":"wp","href":"https:\/\/api.w.org\/{rel}","templated":true}]}}