{"id":2423,"date":"2010-12-10T10:13:00","date_gmt":"2010-12-10T09:13:00","guid":{"rendered":"http:\/\/revistaconsell.com\/?p=2423"},"modified":"2020-06-02T10:14:35","modified_gmt":"2020-06-02T09:14:35","slug":"jurisprudencia-comentada-necesidad-de-la-conformidad-del-interesado-para-limitar-el-destino-comercial-de-un-local","status":"publish","type":"post","link":"https:\/\/revistaconsell.com\/es\/jurisprudencia-comentada-necesidad-de-la-conformidad-del-interesado-para-limitar-el-destino-comercial-de-un-local\/","title":{"rendered":"Jurisprudencia comentada  Necesidad de la conformidad del interesado para limitar el destino comercial de un local"},"content":{"rendered":"\n\n\n\t<div class=\"dkpdf-button-container\" style=\" text-align:right \">\n\n\t\t<a class=\"dkpdf-button\" href=\"\/es\/wp-json\/wp\/v2\/posts\/2423\/?pdf=2423\" target=\"_blank\"><span class=\"dkpdf-button-icon\"><i class=\"fa fa-file-pdf-o\"><\/i><\/span> PDF<\/a>\n\n\t<\/div>\n\n\n\n\n\n\n<p class=\"has-medium-font-size\">Publicaci\u00f3n: Base de datos ELITTE propiedad horizontal (www.sepin.es)<\/p>\n\n\n\n<p>DGDEJ, 21-4-2010<br>SP\/SENT\/510754&nbsp;<\/p>\n\n\n\n<p>Solo hay que determinar si en el acuerdo&nbsp; que provoca este Recurso se dan&nbsp; los requisitos de validez que prev\u00e9 la&nbsp; Ley. En primer lugar, asisten a la Junta&nbsp; convocada de acuerdo con la ley todos&nbsp; los propietarios, presentes o representados.&nbsp; El acuerdo que se adopta consta&nbsp; en el orden del d\u00eda y votan doce a&nbsp; favor y uno en contra, es decir, a favor&nbsp; todos salvo uno, el propietario del local,&nbsp; que es precisamente aquel al cual se&nbsp; impone la limitaci\u00f3n de uso, una limitaci\u00f3n&nbsp; que no exist\u00eda en el momento en&nbsp; que \u00e9l adquiri\u00f3 el local. El representante&nbsp; del propietario no solo vota en contra,&nbsp; sino que se opone al acuerdo.&nbsp; Dado que el acuerdo consiste, precisamente,&nbsp; en limitar el uso de local con&nbsp; una prohibici\u00f3n de ejercer actividades&nbsp; de hosteler\u00eda, parece evidente que sin&nbsp; su consentimiento no se puede adoptar&nbsp; el acuerdo, y m\u00e1s a\u00fan si parece evidente&nbsp; que el local de la planta baja es el&nbsp; m\u00e1s adecuado, en principio, para ser&nbsp; destinado a la actividad de restauraci\u00f3n.&nbsp; No es obst\u00e1culo a esta soluci\u00f3n&nbsp; el hecho de que en hip\u00f3tesis la limitaci\u00f3n&nbsp; propuesta afectara a todos los&nbsp; elementos privativos, de manera que&nbsp; quedar\u00eda excluido el uso hotelero o de&nbsp; restauraci\u00f3n a todos ellos, cualquiera&nbsp; que fuera su situaci\u00f3n en el inmueble,&nbsp; caso en que ser\u00eda suficiente la oposici\u00f3n&nbsp; de uno solo de los perjudicados&nbsp; para que el acuerdo no fuera v\u00e1lido.<\/p>\n\n\n\n<h2><span style=\"color:#d7522c\" class=\"has-inline-color\">COMENTARIO<\/span><\/h2>\n\n\n\n<p>SP\/DOCT\/5407<\/p>\n\n\n\n<p>Aunque aqu\u00ed el interesado no ha acudido&nbsp; a la impugnaci\u00f3n judicial, que era lo jur\u00eddicamente&nbsp; exigible, gracias a la resoluci\u00f3n&nbsp; de la Direcci\u00f3n General de Derecho&nbsp; y Entidades Jur\u00eddicas de Catalu\u00f1a (DGDEJ)&nbsp; (\u00f3rgano especial de Catalu\u00f1a),&nbsp; acepta la calificaci\u00f3n negativa del registrador&nbsp; e impide la inscripci\u00f3n de una modificaci\u00f3n&nbsp; de los Estatutos que, en aplicaci\u00f3n&nbsp; del art\u00edculo 553-11.b CCCat, y&nbsp; habiendo tomado el acuerdo por m\u00e1s de&nbsp; las cuatro quintas partes previstas en el&nbsp; art\u00edculo 553-25.2, pretende imponer las&nbsp; actividades que en los locales pueden&nbsp; tener lugar, concretamente la prohibici\u00f3n&nbsp; de que se instalen bares o restaurantes,&nbsp; cuando antes, en el Estatuto original,&nbsp; ten\u00edan plena libertad para cualquier actividad&nbsp; l\u00edcita.<\/p>\n\n\n\n<p>Pues bien, aqu\u00ed, aparte de alguna norma&nbsp; de la Ley y reglamento hipotecario, lo&nbsp; que prevalece es el contenido del repetido&nbsp; art\u00edculo 553-25.4, el cual establece&nbsp; que \u201clos acuerdos que disminuyan las&nbsp; facultades de uso y goce de cualquier&nbsp; propietario o propietaria requieren que&nbsp; \u00e9ste los consienta expresamente\u201d. Y resulta&nbsp; obvio que privar de una serie de&nbsp; actividades al local encaja perfectamente&nbsp; en este precepto.<\/p>\n\n\n\n<p>Estamos convencidos de que, si el interesado&nbsp; hubiera impugnado judicialmente&nbsp; el acuerdo (art. 553-31 CCCat), el&nbsp; juez lo hubiera anulado, considerando&nbsp; que el titular del local ha corrido un serio&nbsp; peligro dejando actuar libremente a&nbsp; la comunidad, pues es evidente que la&nbsp; citada Direcci\u00f3n General de Derecho y&nbsp; Entidades Jur\u00eddicas de Catalu\u00f1a no habr\u00eda&nbsp; intervenido si el registrador no hubiera&nbsp; negado la inscripci\u00f3n, teniendo&nbsp; en cuenta que, por lo que se desprende&nbsp; de la documentaci\u00f3n correspondiente,&nbsp; la \u00fanica actividad del perjudicado fue&nbsp; la de votar en contra.<\/p>\n\n\n\n<blockquote class=\"wp-block-quote\"><p>Estamos convencidos de que, si el interesado hubiera impugnado judicialmente el acuerdo (art. 553-31 CCCat), el juez lo hubiera anulado, considerando que el titular del local ha corrido un serio peligro dejando actuar libremente a la comunidad<\/p><\/blockquote>\n\n\n\n<p>En todo caso, hay que alegrarse de&nbsp; esta Resoluci\u00f3n, pues no ser\u00eda l\u00f3gico&nbsp; y ajustado al equilibrio entre los derechos&nbsp; comunes de la finca y aquellos&nbsp; individuales el hecho de que una mayor\u00eda,&nbsp; aunque sea cualificada, pueda&nbsp; perjudicar a un propietario, ya que, por&nbsp; ajustarnos al tema concreto, una persona&nbsp; compra un local por un precio&nbsp; con la expectativa de instalar y explotar&nbsp; cualquier comercio l\u00edcito y, desde&nbsp; luego, su valoraci\u00f3n baja considerablemente&nbsp; si se cierran posibilidades de&nbsp; negocio. De ah\u00ed que estar\u00eda fuera de&nbsp; l\u00f3gica jur\u00eddica que la comunidad, sin la&nbsp; conformidad del interesado, pueda tomar&nbsp; acuerdos de modificar el t\u00edtulo,&nbsp; con grave perjuicio para un comunero&nbsp; que, desde luego, no tiene obligaci\u00f3n&nbsp; de aceptar.<\/p>\n","protected":false},"excerpt":{"rendered":"<p>PDF Publicaci\u00f3n: Base de datos ELITTE propiedad horizontal (www.sepin.es) DGDEJ, 21-4-2010SP\/SENT\/510754&nbsp; Solo hay que determinar si en el acuerdo&nbsp; que provoca este Recurso se dan&nbsp; los requisitos de validez que prev\u00e9 la&nbsp; Ley. En primer lugar, asisten a la Junta&nbsp; convocada de acuerdo con la ley todos&nbsp; los propietarios, presentes o representados.&nbsp; El acuerdo que [&hellip;]<\/p>\n","protected":false},"author":13,"featured_media":0,"comment_status":"open","ping_status":"open","sticky":false,"template":"","format":"standard","meta":{"advgb_blocks_editor_width":"","advgb_blocks_columns_visual_guide":"","_editorskit_title_hidden":false,"_editorskit_reading_time":2},"categories":[84],"tags":[],"author_meta":{"display_name":"Clara Valls","author_link":"https:\/\/revistaconsell.com\/es\/author\/claravalls\/"},"featured_img":null,"_links":{"self":[{"href":"https:\/\/revistaconsell.com\/es\/wp-json\/wp\/v2\/posts\/2423\/"}],"collection":[{"href":"https:\/\/revistaconsell.com\/es\/wp-json\/wp\/v2\/posts\/"}],"about":[{"href":"https:\/\/revistaconsell.com\/es\/wp-json\/wp\/v2\/types\/post\/"}],"author":[{"embeddable":true,"href":"https:\/\/revistaconsell.com\/es\/wp-json\/wp\/v2\/users\/13\/"}],"replies":[{"embeddable":true,"href":"https:\/\/revistaconsell.com\/es\/wp-json\/wp\/v2\/comments\/?post=2423"}],"version-history":[{"count":1,"href":"https:\/\/revistaconsell.com\/es\/wp-json\/wp\/v2\/posts\/2423\/revisions\/"}],"predecessor-version":[{"id":2424,"href":"https:\/\/revistaconsell.com\/es\/wp-json\/wp\/v2\/posts\/2423\/revisions\/2424\/"}],"wp:attachment":[{"href":"https:\/\/revistaconsell.com\/es\/wp-json\/wp\/v2\/media\/?parent=2423"}],"wp:term":[{"taxonomy":"category","embeddable":true,"href":"https:\/\/revistaconsell.com\/es\/wp-json\/wp\/v2\/categories\/?post=2423"},{"taxonomy":"post_tag","embeddable":true,"href":"https:\/\/revistaconsell.com\/es\/wp-json\/wp\/v2\/tags\/?post=2423"}],"curies":[{"name":"wp","href":"https:\/\/api.w.org\/{rel}","templated":true}]}}