{"id":2789,"date":"2013-03-10T08:04:28","date_gmt":"2013-03-10T07:04:28","guid":{"rendered":"http:\/\/revistaconsell.com\/?p=2789"},"modified":"2020-06-16T09:54:38","modified_gmt":"2020-06-16T08:54:38","slug":"computo-del-periodo-de-cotizacion-para-la-edad-de-jubilacion","status":"publish","type":"post","link":"https:\/\/revistaconsell.com\/es\/computo-del-periodo-de-cotizacion-para-la-edad-de-jubilacion\/","title":{"rendered":"Computo del per\u00edodo de cotizaci\u00f3n para la edad de Jubilaci\u00f3n"},"content":{"rendered":"\n\n\n\t<div class=\"dkpdf-button-container\" style=\" text-align:right \">\n\n\t\t<a class=\"dkpdf-button\" href=\"\/es\/wp-json\/wp\/v2\/posts\/2789\/?pdf=2789\" target=\"_blank\"><span class=\"dkpdf-button-icon\"><i class=\"fa fa-file-pdf-o\"><\/i><\/span> PDF<\/a>\n\n\t<\/div>\n\n\n\n\n\n\n<p class=\"has-medium-font-size\">El 1 de enero de 2013 se produjo la entrada en vigor de la Ley 27\/2011, de 1 de agosto, sobre actualizaci\u00f3n, adecuaci\u00f3n y modernizaci\u00f3n del sistema de la Seguridad Social. En desarrollo de determinados aspectos de esta Ley se public\u00f3, el d\u00eda 31 de diciembre de 2012, el Real Decreto 1716\/2012 de 28 de diciembre, que entre otros temas, regula el procedimiento para calcular el c\u00f3mputo del per\u00edodo de cotizaci\u00f3n preciso para determinar la edad ordinaria de jubilaci\u00f3n.<\/p>\n\n\n\n<p>Con referencia a este tema, la Ley 27\/2011 incorpora al Texto Refundido de la Ley de Seguridad Social una nueva disposici\u00f3n transitoria, la vig\u00e9sima, mediante la cual, la edad ordinaria de jubilaci\u00f3n se establece en t\u00e9rminos de a\u00f1os y meses, y adem\u00e1s, de forma progresiva y gradual durante un per\u00edodo transitorio que abarca desde el a\u00f1o 2013 hasta el a\u00f1o 2027. De esta forma, a partir del 1 de enero del corriente a\u00f1o, los nacidos en el a\u00f1o 1948 y que hayan cotizado 35 a\u00f1os y 3 meses o m\u00e1s podr\u00e1n jubilarse a los 65 a\u00f1os. En caso de no haber cotizado el indicado per\u00edodo, el derecho a la jubilaci\u00f3n se fijar\u00e1 a los 65 a\u00f1os y un mes. Por lo tanto, seg\u00fan el a\u00f1o de nacimiento va variando la edad de jubilaci\u00f3n y el per\u00edodo de cotizaci\u00f3n exigido, de tal forma que en el a\u00f1o 2027 se establece ya de forma definitiva la edad de jubilaci\u00f3n en 67 a\u00f1os si su per\u00edodo de cotizaci\u00f3n no alcanza los 38 a\u00f1os y 6 meses o mas. En cambio, la jubilaci\u00f3n ser\u00e1 a los 65 a\u00f1os en el supuesto de que se haya cotizado dicho per\u00edodo. En todo caso, se requiere un per\u00edodo m\u00ednimo de cotizaci\u00f3n de 15 a\u00f1os.<\/p>\n\n\n\n<h4 class=\"has-text-color\" style=\"color:#d7522c\">EDAD REAL PARA LA PENSI\u00d3N<\/h4>\n\n\n\n<p>Desde el 1 de enero de 2013, la persona que solicita la jubilaci\u00f3n debe tener muy en cuenta el per\u00edodo cotizado durante su vida laboral, ya que de \u00e9l depende la edad real en que podr\u00e1 acceder a la pensi\u00f3n. Ya hemos visto que en la Ley 27\/2011 el per\u00edodo de cotizaci\u00f3n se fija en a\u00f1os y meses, lo cual en su aplicaci\u00f3n pr\u00e1ctica presenta cierta dificultad en el momento de transformar los d\u00edas totales cotizados en las indicadas unidades de tiempo. Lo ideal ser\u00eda una formula objetiva y \u00fanica que convierta la unidad de tiempo \u201cd\u00eda\u201d en unidad de tiempo \u201cmes\u201d. En este sentido se pronuncia el <a href=\"#1\" class=\"ek-link\">RD. 1716\/2012, de 28 de diciembre, en su art\u00edculo 1.1<\/a>. Para ello utiliza el criterio com\u00fan y habitual del c\u00f3mputo de fecha a fecha partiendo de la de nacimiento. Si en el mes de vencimiento no hubiera d\u00eda equivalente al inicial del c\u00f3mputo, se considerar\u00e1 que el cumplimiento de la edad tiene lugar el \u00faltimo d\u00eda del mes.<\/p>\n\n\n\n<p>Por lo tanto, queda claro que los per\u00edodos de cotizaci\u00f3n precisos para acreditar la pensi\u00f3n de jubilaci\u00f3n, desde el 1 de enero de 2013, vienen reflejados en d\u00edas, y que habr\u00e1 que transformar esos d\u00edas en a\u00f1os y meses. A estos efectos, el <a href=\"#1\" class=\"ek-link\">RD 1716\/2012 de 28 de diciembre, en su art\u00edculo 1.2<\/a>, establece las siguientes reglas:<\/p>\n\n\n\n<ul><li>En primer lugar, se acumular\u00e1n todos los d\u00edas de cotizaci\u00f3n computables sin que se tenga en cuenta la parte proporcional de las pagas extraordinarias.<\/li><li>El a\u00f1o adquiere el valor fijo de 365 d\u00edas.<\/li><li>El mes adquiere el valor fijo de 30,41666 d\u00edas.<\/li><li>Para el c\u00f3mputo de estos a\u00f1os y meses de cotizaci\u00f3n se tomar\u00e1n a\u00f1os y meses completos.<\/li><\/ul>\n\n\n\n<blockquote class=\"wp-block-quote\"><p>La edad ordinaria de jubilaci\u00f3n se establece en t\u00e9rminos de a\u00f1os y meses, y adem\u00e1s, de forma progresiva y gradual durante un per\u00edodo transitorio que abarca desde el a\u00f1o 2013 hasta el a\u00f1o 2027.<\/p><\/blockquote>\n\n\n\n<h4 class=\"has-text-color\" style=\"color:#d7522c\">COTIZACIONES QUE TAMBI\u00c9N COMPUTAN<\/h4>\n\n\n\n<p>Con el fin de completar el per\u00edodo de cotizaci\u00f3n exigido para la determinaci\u00f3n de la edad, adem\u00e1s de seguir las reglas indicadas anteriormente en el <a href=\"#1\" class=\"ek-link\">RD 1716\/2012, en su art\u00edculo 1.3<\/a>, establece que tambi\u00e9n se tendr\u00e1n en cuenta para el c\u00f3mputo total las siguientes cotizaciones:<\/p>\n\n\n\n<p><strong>A)<\/strong> Las cotizaciones que se relacionan en el <a href=\"#2\" class=\"ek-link\">art\u00edculo 180.1 y 2 de la Ley de Seguridad Social<\/a> en relaci\u00f3n con el <a href=\"#3\" class=\"ek-link\">art. 46.3 del Estatuto de los Trabajadores<\/a> y que se detallan a continuaci\u00f3n: <\/p>\n\n\n\n<ul><li>Los tres a\u00f1os del per\u00edodo de excedencia que los trabajadores disfruten en raz\u00f3n del cuidado de cada hijo o menor acogido, en los supuestos de acogimiento familiar permanente o preadoptivo, aunque estos sean provisionales. <\/li><li>El primer a\u00f1o del per\u00edodo de excedencia que los trabajadores disfruten, en raz\u00f3n del cuidado de otros familiares, hasta el segundo grado de consanguinidad o afinidad, que, por razones de edad, accidente, enfermedad o discapacidad, no puedan valerse por s\u00ed mismos, y no desempe\u00f1en una actividad retribuida.<\/li><\/ul>\n\n\n\n<p><strong>B)<\/strong> Se computar\u00e1 tambi\u00e9n como per\u00edodo cotizado a todos los efectos, salvo para el cumplimiento del per\u00edodo m\u00ednimo de cotizaci\u00f3n exigido, los beneficios por cuidado de hijos o menores que se relacionan a continuaci\u00f3n de conformidad con lo regulado en la <a href=\"#4\" class=\"ek-link\">disposici\u00f3n adicional sexag\u00e9sima de la Ley de Seguridad Social<\/a>, y <a href=\"#5\" class=\"ek-link\">art\u00edculo 6 del RD 1716\/2012<\/a>. <\/p>\n\n\n\n<ul><li>Los per\u00edodos de interrupci\u00f3n de la cotizaci\u00f3n, derivados de la extinci\u00f3n de la relaci\u00f3n laboral o de la finalizaci\u00f3n del cobro de las prestaciones de desempleo producidas entre los nueve meses anteriores al nacimiento, o los tres meses anteriores a la adopci\u00f3n o acogimiento permanente y la finalizaci\u00f3n del sexto a\u00f1o. <\/li><li>La duraci\u00f3n de este c\u00f3mputo como per\u00edodo cotizado ser\u00e1 de 112 d\u00edas por cada hijo o menor adoptado o acogido. Dicho per\u00edodo se incrementar\u00e1 anualmente a partir del 2013 y hasta el 2018, hasta alcanzar el m\u00e1ximo de 270 d\u00edas por hijo en el a\u00f1o 2019, sin que en ning\u00fan caso pueda ser superior a la interrupci\u00f3n real de la cotizaci\u00f3n.<\/li><li>En cualquier caso, la aplicaci\u00f3n de estos beneficios para considerarlos como per\u00edodo cotizado no podr\u00e1 superar los cinco a\u00f1os por beneficiario.<\/li><\/ul>\n\n\n\n<p><strong>C) <\/strong>Tambi\u00e9n entran dentro del c\u00f3mputo los per\u00edodos de cotizaci\u00f3n asimilados por parto que se reconocen a favor de la trabajadora solicitante de la pensi\u00f3n de jubilaci\u00f3n, de acuerdo con lo establecido en la <a href=\"#6\" class=\"ek-link\">disposici\u00f3n adicional cuadrag\u00e9sima cuarta de la Ley General de la Seguridad Social<\/a>.<\/p>\n\n\n\n<p>Por \u00faltimo, tambi\u00e9n hay que tener en cuenta a los efectos de este comentario, en el momento de solicitar la prestaci\u00f3n, que la <a href=\"#7\" class=\"ek-link\">Disposici\u00f3n Transitoria Primera del RD 1716\/2012<\/a> que comentamos, establece que las disposiciones reglamentarias vigentes en materia de jubilaci\u00f3n, antes del 1 de enero de 2013, ser\u00e1n de aplicaci\u00f3n en los supuestos a que hace referencia el <a href=\"#8\" class=\"ek-link\">apartado 2 de la disposici\u00f3n final duod\u00e9cima de la Ley 27\/2011<\/a>, de 1 de agosto y que son las siguientes:<\/p>\n\n\n\n<p><strong>A) <\/strong>Las personas cuya relaci\u00f3n laboral se haya extinguido antes del 2 de agosto de 2011.<\/p>\n\n\n\n<p><strong>B)<\/strong> Las personas cuya relaci\u00f3n laboral se encuentre suspendida o extinguida como consecuencia de ERES, convenios colectivos, y\/o procedimientos concursales aprobados o suscritos con anterioridad al 2 de agosto de 2011, con independencia de que la extinci\u00f3n de la relaci\u00f3n laboral se haya producido con anterioridad o posterioridad al 1 de enero de 2013.<\/p>\n\n\n\n<p><strong>C) <\/strong>Quienes hayan accedido a la jubilaci\u00f3n parcial con anterioridad al 2 de agosto de 2011, as\u00ed como las incorporadas antes del 2 de agosto de 2011 a planes de jubilaci\u00f3n parcial, con independencia de que el acceso a la jubilaci\u00f3n parcial se haya producido con anterioridad o posterioridad al 1 de enero de 2013.<\/p>\n","protected":false},"excerpt":{"rendered":"<p>PDF El 1 de enero de 2013 se produjo la entrada en vigor de la Ley 27\/2011, de 1 de agosto, sobre actualizaci\u00f3n, adecuaci\u00f3n y modernizaci\u00f3n del sistema de la Seguridad Social. En desarrollo de determinados aspectos de esta Ley se public\u00f3, el d\u00eda 31 de diciembre de 2012, el Real Decreto 1716\/2012 de 28 [&hellip;]<\/p>\n","protected":false},"author":12,"featured_media":0,"comment_status":"open","ping_status":"open","sticky":false,"template":"","format":"standard","meta":{"advgb_blocks_editor_width":"","advgb_blocks_columns_visual_guide":"","_editorskit_title_hidden":false,"_editorskit_reading_time":4},"categories":[70],"tags":[],"author_meta":{"display_name":"Redaccio Consell","author_link":"https:\/\/revistaconsell.com\/es\/author\/redaccioconsell\/"},"featured_img":null,"_links":{"self":[{"href":"https:\/\/revistaconsell.com\/es\/wp-json\/wp\/v2\/posts\/2789\/"}],"collection":[{"href":"https:\/\/revistaconsell.com\/es\/wp-json\/wp\/v2\/posts\/"}],"about":[{"href":"https:\/\/revistaconsell.com\/es\/wp-json\/wp\/v2\/types\/post\/"}],"author":[{"embeddable":true,"href":"https:\/\/revistaconsell.com\/es\/wp-json\/wp\/v2\/users\/12\/"}],"replies":[{"embeddable":true,"href":"https:\/\/revistaconsell.com\/es\/wp-json\/wp\/v2\/comments\/?post=2789"}],"version-history":[{"count":2,"href":"https:\/\/revistaconsell.com\/es\/wp-json\/wp\/v2\/posts\/2789\/revisions\/"}],"predecessor-version":[{"id":4896,"href":"https:\/\/revistaconsell.com\/es\/wp-json\/wp\/v2\/posts\/2789\/revisions\/4896\/"}],"wp:attachment":[{"href":"https:\/\/revistaconsell.com\/es\/wp-json\/wp\/v2\/media\/?parent=2789"}],"wp:term":[{"taxonomy":"category","embeddable":true,"href":"https:\/\/revistaconsell.com\/es\/wp-json\/wp\/v2\/categories\/?post=2789"},{"taxonomy":"post_tag","embeddable":true,"href":"https:\/\/revistaconsell.com\/es\/wp-json\/wp\/v2\/tags\/?post=2789"}],"curies":[{"name":"wp","href":"https:\/\/api.w.org\/{rel}","templated":true}]}}