{"id":3138,"date":"2014-03-10T10:44:00","date_gmt":"2014-03-10T09:44:00","guid":{"rendered":"http:\/\/revistaconsell.com\/?p=3138"},"modified":"2020-06-05T10:47:37","modified_gmt":"2020-06-05T09:47:37","slug":"nuevo-sistema-de-la-revalorizacion-de-las-pensiones","status":"publish","type":"post","link":"https:\/\/revistaconsell.com\/es\/nuevo-sistema-de-la-revalorizacion-de-las-pensiones\/","title":{"rendered":"Nuevo sistema de la revalorizaci\u00f3n de las pensiones"},"content":{"rendered":"\n\n\n\t<div class=\"dkpdf-button-container\" style=\" text-align:right \">\n\n\t\t<a class=\"dkpdf-button\" href=\"\/es\/wp-json\/wp\/v2\/posts\/3138\/?pdf=3138\" target=\"_blank\"><span class=\"dkpdf-button-icon\"><i class=\"fa fa-file-pdf-o\"><\/i><\/span> PDF<\/a>\n\n\t<\/div>\n\n\n\n\n\n\n<p class=\"has-medium-font-size\">Las recientes nuevas normativas de las pensiones establecen unos nuevos par\u00e1metros para calcular su revalorizaci\u00f3n. El \u00edndice de revalorizaci\u00f3n sustituye desde este mismo a\u00f1o al IPC, que se ven\u00eda aplicando desde el a\u00f1o 1997, y el factor de sostenibilidad entrar\u00e1 en vigor a partir del a\u00f1o 2019 ya con la edad de jubilaci\u00f3n a los 67 a\u00f1os.<\/p>\n\n\n\n<p>Todos los pensionistas de la Seguridad Social han estado pendientes en los \u00faltimos meses de las alarmantes noticias que, sobre sus pensiones, han publicado y comentado los diferentes medios de comunicaci\u00f3n. Para muchas personas, su pensi\u00f3n es el fruto de toda una vida de trabajo y, en definitiva, el medio del que van a disponer en lo que le reste de ella. De aqu\u00ed viene el inter\u00e9s general que ha suscitado la publicaci\u00f3n del Real Decreto 1045\/2013, de 27 de diciembre, sobre revalorizaci\u00f3n de las pensiones del sistema de la Seguridad Social y de otras prestaciones sociales p\u00fablicas para el ejercicio 2014; y la Ley 23\/2013, de 23 de diciembre, reguladora del Factor de Sostenibilidad y del \u00cdndice de Revalorizaci\u00f3n del Sistema de Pensiones de la Seguridad Social.<\/p>\n\n\n\n<p>En cada una de las indicadas normativas se establecen unos nuevos par\u00e1metros de revalorizaci\u00f3n de las pensiones. En el Real Decreto se regula el Indice de revalorizaci\u00f3n que sustituye al IPC, que se ven\u00eda aplicando desde el a\u00f1o 1997, y en la Ley, el tan comentado \u00faltimamente factor de sostenibilidad.<\/p>\n\n\n\n<h4 class=\"has-text-color\" style=\"color:#d7522c\"><strong>\u00cdNDICE DE REVALORIZACI\u00d3N<\/strong><\/h4>\n\n\n\n<p>El <a class=\"ek-link\">\u00edndice de revalorizaci\u00f3n<\/a> viene a sustituir al IPC, de tal forma que a partir del a\u00f1o 2014 se garantiza una subida m\u00ednima del 0,25% y una m\u00e1xima del IPC m\u00e1s el 0,50% en tiempos de bonanza. Concretamente, para este a\u00f1o 2014, la revalorizaci\u00f3n de las pensiones p\u00fablicas, as\u00ed como las derivadas de accidentes de trabajo y enfermedades profesionales y las extraordinarias derivadas de actos de terrorismo, se fija en el 0,25%. Una vez revalorizada la pensi\u00f3n con este 0,25%, su importe queda limitado a la cantidad de 2.554,49 euros, equivalentes en c\u00f3mputo anual a 35.762,86 euros. Es lo que hay. Ya sabemos que la esperanza de vida en Espa\u00f1a se ha elevado, que los \u00edndices de natalidad han bajado y que el \u201cbaby boom\u201d supondr\u00e1 un aumento considerable de las pensiones, pero en definitiva, es un recorte que incidir\u00e1 en el poder adquisitivo de los pensionistas. Como ejemplo, podemos citar el aumento que tendr\u00eda una pensi\u00f3n de 1.200 euros, calculada en funci\u00f3n del 0,25% (\u00edndice de revalorizaci\u00f3n) o de un IPC que se incrementara en un 2%. Hechos los c\u00e1lculos, el pensionista pierde 21 euros mensuales.\u00a0<\/p>\n\n\n\n<blockquote class=\"wp-block-quote\"><p>A partir de ahora se garantiza una subida m\u00ednima de las pensiones del 0,25% y una m\u00e1xima del IPC m\u00e1s el 0,50% en tiempos de bonanza<\/p><\/blockquote>\n\n\n\n<p>En cuanto a la forma en que este \u00edndice de revalorizaci\u00f3n se calcular\u00e1 cada a\u00f1o, viene establecida en el art. 7 de la Ley 23\/2013, de 23 de diciembre. Se trata de una dif\u00edcil&nbsp;<a>f\u00f3rmula matem\u00e1tica<\/a> que para su desarrollo tiene en cuenta diversos factores, entre ellos:<\/p>\n\n\n\n<p>\u2022 Los ingresos por cotizaciones a la Seguridad Social, sus gastos y el n\u00famero de pensiones que se produzcan.&nbsp;<\/p>\n\n\n\n<p>\u2022 Se excluyen de estos ingresos y gastos las cotizaciones y prestaciones por cese de actividad de los trabajadores aut\u00f3nomos y las prestaciones no contributivas.<\/p>\n\n\n\n<h4 class=\"has-text-color\" style=\"color:#d7522c\"><strong>FACTOR DE SOSTENIBILIDAD<\/strong><\/h4>\n\n\n\n<p>El otro concepto novedoso que ha introducido la Ley 23\/2013 para los nuevos pensionistas es el factor de sostenibilidad. Su definici\u00f3n se establece en el art\u00edculo 1 de la Ley indicada. Se considera un instrumento que permite vincular el importe de las pensiones de jubilaci\u00f3n del sistema de la Seguridad Social a la evoluci\u00f3n de esperanza de vida de los pensionistas. Para ello se vale de unos elementos de c\u00e1lculo regulados en el articulo 4 de la Ley y que tienen en cuenta las tablas de mortalidad de la poblaci\u00f3n pensionista de jubilaci\u00f3n elaboradas por la propia Seguridad Social, y la edad de 67 a\u00f1os como edad de referencia.<\/p>\n\n\n\n<p>Este factor de sostenibilidad no se aplicar\u00e1 hasta el a\u00f1o 2019, por lo tanto, todas las pensiones que se causen antes de dicha fecha no estar\u00e1n afectadas por este nuevo factor.&nbsp;<\/p>\n\n\n\n<p>El aumento del 0,25% tambi\u00e9n afecta a las pensiones de clases pasivas: funcionarios civiles del Estado y militares profesionales.<\/p>\n\n\n\n<p>Por \u00faltimo, comentar que seg\u00fan el Ministerio de Empleo, la revalorizaci\u00f3n de las pensiones en un 0,25% previsto para este a\u00f1o 2014, beneficiar\u00e1 a 9,15 millones de pensiones contributivas, 432.757 pensiones no contributivas y 166.631 prestaciones por hijo con discapacidad.&nbsp;<\/p>\n","protected":false},"excerpt":{"rendered":"<p>PDF Las recientes nuevas normativas de las pensiones establecen unos nuevos par\u00e1metros para calcular su revalorizaci\u00f3n. El \u00edndice de revalorizaci\u00f3n sustituye desde este mismo a\u00f1o al IPC, que se ven\u00eda aplicando desde el a\u00f1o 1997, y el factor de sostenibilidad entrar\u00e1 en vigor a partir del a\u00f1o 2019 ya con la edad de jubilaci\u00f3n a [&hellip;]<\/p>\n","protected":false},"author":12,"featured_media":0,"comment_status":"open","ping_status":"open","sticky":false,"template":"","format":"standard","meta":{"advgb_blocks_editor_width":"","advgb_blocks_columns_visual_guide":"","_editorskit_title_hidden":false,"_editorskit_reading_time":0},"categories":[70],"tags":[],"author_meta":{"display_name":"Redaccio Consell","author_link":"https:\/\/revistaconsell.com\/es\/author\/redaccioconsell\/"},"featured_img":null,"_links":{"self":[{"href":"https:\/\/revistaconsell.com\/es\/wp-json\/wp\/v2\/posts\/3138\/"}],"collection":[{"href":"https:\/\/revistaconsell.com\/es\/wp-json\/wp\/v2\/posts\/"}],"about":[{"href":"https:\/\/revistaconsell.com\/es\/wp-json\/wp\/v2\/types\/post\/"}],"author":[{"embeddable":true,"href":"https:\/\/revistaconsell.com\/es\/wp-json\/wp\/v2\/users\/12\/"}],"replies":[{"embeddable":true,"href":"https:\/\/revistaconsell.com\/es\/wp-json\/wp\/v2\/comments\/?post=3138"}],"version-history":[{"count":1,"href":"https:\/\/revistaconsell.com\/es\/wp-json\/wp\/v2\/posts\/3138\/revisions\/"}],"predecessor-version":[{"id":3139,"href":"https:\/\/revistaconsell.com\/es\/wp-json\/wp\/v2\/posts\/3138\/revisions\/3139\/"}],"wp:attachment":[{"href":"https:\/\/revistaconsell.com\/es\/wp-json\/wp\/v2\/media\/?parent=3138"}],"wp:term":[{"taxonomy":"category","embeddable":true,"href":"https:\/\/revistaconsell.com\/es\/wp-json\/wp\/v2\/categories\/?post=3138"},{"taxonomy":"post_tag","embeddable":true,"href":"https:\/\/revistaconsell.com\/es\/wp-json\/wp\/v2\/tags\/?post=3138"}],"curies":[{"name":"wp","href":"https:\/\/api.w.org\/{rel}","templated":true}]}}