{"id":4712,"date":"2012-12-10T12:24:42","date_gmt":"2012-12-10T11:24:42","guid":{"rendered":"http:\/\/revistaconsell.com\/?p=4712"},"modified":"2020-06-15T12:33:37","modified_gmt":"2020-06-15T11:33:37","slug":"la-generalitat-reconoce-a-nivel-institucional-el-grado-en-economia-y-gestion","status":"publish","type":"post","link":"https:\/\/revistaconsell.com\/es\/la-generalitat-reconoce-a-nivel-institucional-el-grado-en-economia-y-gestion\/","title":{"rendered":"La Generalitat reconoce a nivel institucional el Grado en Econom\u00eda y Gesti\u00f3n"},"content":{"rendered":"\n\n\n\t<div class=\"dkpdf-button-container\" style=\" text-align:right \">\n\n\t\t<a class=\"dkpdf-button\" href=\"\/es\/wp-json\/wp\/v2\/posts\/4712\/?pdf=4712\" target=\"_blank\"><span class=\"dkpdf-button-icon\"><i class=\"fa fa-file-pdf-o\"><\/i><\/span> PDF<\/a>\n\n\t<\/div>\n\n\n\n\n\n\n<p class=\"has-medium-font-size\">El pasado 13 de noviembre, el secretari d\u2019Habitatge i Millora Urbana del Departament de Territori i Sostenibilitat de la Generalitat de Catalunya, Carles Sala, el presidente del Col\u00b7legi d\u2019Administradors de Finques de Barcelona-Lleida, Enric Vendrell, y el rector de la Universitat Abat Oliba CEU, Carlos P\u00e9rez del Valle, firmaron un convenio por el cual se reconoce institucionalmente el Grado en Econom\u00eda y Gesti\u00f3n impartido por la citada universidad.<\/p>\n\n\n\n<p>En el transcurso del acto, Carles Sala remarc\u00f3 la necesidad de recuperar valores como la importancia de la formaci\u00f3n y del esfuerzo de los profesionales, apuntando que, \u201cen este sentido, estoy seguro de que este convenio servir\u00e1 para reforzar los conocimientos de las personas que quieran dedicarse a la administraci\u00f3n de fincas\u201d. Por su parte, Enric Vendrell se mostr\u00f3 muy agradecido a la universidad \u201cporque ha cre\u00eddo en nosotros\u201d, mientras que P\u00e9rez del Valle destac\u00f3 que este nuevo t\u00edtulo supondr\u00e1 un avance en la investigaci\u00f3n de nuevos escenarios \u201cpara un sector que tiene much\u00edsima importancia en el desarrollo econ\u00f3mico del pa\u00eds\u201d.\u00a0<\/p>\n\n\n\n<h4 class=\"has-text-color\" style=\"color:#d7522c\"><strong>Carles Sala i Roca:\u00a0<\/strong><\/h4>\n\n\n\n<p><strong>\u201cEl sector inmobiliario se tiene que reinventar\u201d<\/strong><br>El secretari d\u2019Habitatge i Millora Urbana del Departament de Territori i Sostenibilitat de la Generalitat de Catalunya se\u00f1ala la importancia que supone este t\u00edtulo oficial para el futuro de la profesi\u00f3n\u00a0\u00a0<br><br><strong>\u00bfQu\u00e9 destacar\u00eda de la firma de este convenio?<\/strong><br>Ante todo, destacar\u00eda la necesidad de recuperar valores en el \u00e1mbito del esfuerzo. Hay una serie de profesiones relacionadas con el sector inmobiliario a las que, \u00faltimamente, hab\u00eda resultado excesivamente sencillo poder acceder (sector de la intermediaci\u00f3n, en el sector de la administraci\u00f3n, etc.). Hab\u00eda habido, en definitiva, una falta de esfuerzo para ganarse la vida pero, ahora, estamos en un escenario donde los valores vuelven a recuperar todo su sentido, y uno de los que yo destaco siempre es la necesidad de formaci\u00f3n, y si puede ser continuada a\u00fan mejor. Por tanto, estoy seguro de que un convenio como \u00e9ste servir\u00e1 para reforzar los conocimientos de los profesionales que se quieran dedicar a la administraci\u00f3n de fincas.\u00a0<br><br><strong>En la Llei 18\/2007 del dret a l\u00b4habitatge, su art\u00edculo 54.2 dice: \u201cLos Administradores de Fincas, para ejercer su actividad, han de tener la capacitaci\u00f3n profesional requerida \u2026\u201d. La Secretaria General d\u00b4Habitatge, \u00bfreconocer\u00e1 y promocionar\u00e1 estos estudios oficiales como los adecuados al art\u00edculo 54.2 de esta Ley?<\/strong><br>Estos y otros estudios, si es necesario. Si firmamos este convenio es para reforzar estudios como estos, que vengan avalados por universidades reconocidas. En este caso es la Abat Oliba pero en otro momento puede ser otra. Todas estas instituciones, tanto las universitarias como otras instituciones formativas de reconocido prestigio que nos demuestren que \u2013en colaboraci\u00f3n con un colegio de administradores de fincas o con otros profesionales representados por otros colegios\u2013 garantizan una formaci\u00f3n adecuada para el sector tendr\u00e1n, evidentemente, el soporte de la Generalitat. Como dec\u00eda al principio, todo lo que sirva para intensificar la formaci\u00f3n de los profesionales, bien sea para una mejor actuaci\u00f3n de los mismos o bien para una diversificaci\u00f3n y ampliaci\u00f3n de sus posibilidades laborales contar\u00e1 con nuestro apoyo.\u00a0\u00a0<br><br><strong>\u00bfC\u00f3mo cree que pueden contribuir estos estudios a la renovaci\u00f3n del sector y c\u00f3mo afectar\u00e1 esto a la sociedad en general?<\/strong><br>Creo que todo lo que rodea al sector inmobiliario se tiene que reinventar. Se ha de innovar y, para ello, se han de buscar nuevas formas de comercializaci\u00f3n, as\u00ed como de intermediaci\u00f3n y de administraci\u00f3n. Sin duda alguna, estos estudios ayudar\u00e1n a los profesionales a tener un abanico m\u00e1s amplio de posibilidades de actuaci\u00f3n. Llevamos cuatro a\u00f1os de crisis y, como digo siempre, ahora ya no es tiempo de resistencia \u2013pues quien ha llegado hasta aqu\u00ed ya ha resistido\u2013 sino que es tiempo de resiliencia.\u00a0<\/p>\n\n\n\n<h4 class=\"has-text-color\" style=\"color:#d7522c\"><strong>Carlos P\u00e9rez del Valle:\u00a0<\/strong><\/h4>\n\n\n\n<p><strong>\u00bfQu\u00e9 significa para su universidad el hecho de haber sido la primera en lograr un hito perseguido desde hace a\u00f1os?<\/strong><br>Para nosotros es un hecho muy importante, por dos causas: la primera es porque es un t\u00edtulo nuevo con unas propiedades muy significativas, y siempre que tenemos un t\u00edtulo nuevo que responde a una necesidad particular de la sociedad estamos satisfechos. La segunda es porque no s\u00f3lo es una necesidad de la sociedad en general, sino tambi\u00e9n la de un colectivo espec\u00edfico y que tiene much\u00edsima importancia en el desarrollo econ\u00f3mico del pa\u00eds.\u00a0<br><br><strong>\u00bfQu\u00e9 volumen de alumnos por curso ser\u00eda el ideal para garantizar, en los pr\u00f3ximos a\u00f1os, la puesta en el mercado de profesionales formados adecuadamente en la gesti\u00f3n inmobiliaria?<\/strong><br>Dado que nuestra aspiraci\u00f3n como universidad es la excelencia acad\u00e9mica, nosotros siempre trabajamos en grupos reducidos para, precisamente, garantizar dicha excelencia. Por otro lado, tenemos un margen important\u00edsimo de colaboraci\u00f3n con el Col\u00b7legi d\u2019Administradors de Finques de Barcelona-Lleida y con otros colectivos profesionales que nos garantiza que, en los pr\u00f3ximos a\u00f1os, tendremos el n\u00famero de alumnos necesario para sacar adelante este t\u00edtulo y darle los objetivos de excelencia que buscamos.\u00a0<br><br><strong>Con este grado, \u00bfse abre la puerta a un futuro M\u00e1ster en Gesti\u00f3n Inmobiliaria?<\/strong><br>Sin duda. Ya no s\u00f3lo el colectivo a quienes va dirigido nuestro grado, sino que tambi\u00e9n hay otros colectivos profesionales que quiz\u00e1s tengan un inter\u00e9s especial en estar m\u00e1s cercanos al mundo de la gesti\u00f3n inmobiliaria y que estoy seguro de que enriquecer\u00edan la situaci\u00f3n de dicho sector en el momento actual. Por eso yo estoy seguro de que en un futuro se abrir\u00e1 el camino hacia un m\u00e1ster.\u00a0<br><br><strong>El siguiente paso es la firma de un acuerdo con el Consejo de Colegios de Administradores de Fincas de Espa\u00f1a. \u00bfC\u00f3mo piensa la UAO implementar estos estudios a nivel estatal?\u00a0<\/strong><br>Aunque a\u00fan no hemos llegado a ese momento, contamos con recursos, pues estamos en una fundaci\u00f3n en la que tenemos dos universidades hermanas en Valencia y Madrid, por lo que tenemos unas posibilidades de expansi\u00f3n extraordinarias.\u00a0<br><br><strong>Y, \u00bfve posibilidades de implementarlos en otros pa\u00edses de la Comunidad Econ\u00f3mica Europea?<\/strong><br>Yo creo que la cuesti\u00f3n, ahora mismo, es que este t\u00edtulo oficial puede suponer un cambio de escenario en el mundo de la gesti\u00f3n inmobiliaria, en el sentido de que cuando empieza una titulaci\u00f3n siempre se avanza en investigaci\u00f3n. Cuando todas las materias est\u00e1n reunidas en un mismo t\u00edtulo empiezan a interrelacionarse y, de all\u00ed, surgen nuevas ideas y l\u00edneas de investigaci\u00f3n. En este contexto, la limitaci\u00f3n territorial no tendr\u00eda demasiado sentido. \u00a0<\/p>\n","protected":false},"excerpt":{"rendered":"<p>PDF El pasado 13 de noviembre, el secretari d\u2019Habitatge i Millora Urbana del Departament de Territori i Sostenibilitat de la Generalitat de Catalunya, Carles Sala, el presidente del Col\u00b7legi d\u2019Administradors de Finques de Barcelona-Lleida, Enric Vendrell, y el rector de la Universitat Abat Oliba CEU, Carlos P\u00e9rez del Valle, firmaron un convenio por el cual [&hellip;]<\/p>\n","protected":false},"author":14,"featured_media":0,"comment_status":"open","ping_status":"open","sticky":false,"template":"","format":"standard","meta":{"advgb_blocks_editor_width":"","advgb_blocks_columns_visual_guide":"","_editorskit_title_hidden":false,"_editorskit_reading_time":4},"categories":[58,58],"tags":[],"author_meta":{"display_name":"Laura Par\u00eds","author_link":"https:\/\/revistaconsell.com\/es\/author\/lauraparis\/"},"featured_img":null,"_links":{"self":[{"href":"https:\/\/revistaconsell.com\/es\/wp-json\/wp\/v2\/posts\/4712\/"}],"collection":[{"href":"https:\/\/revistaconsell.com\/es\/wp-json\/wp\/v2\/posts\/"}],"about":[{"href":"https:\/\/revistaconsell.com\/es\/wp-json\/wp\/v2\/types\/post\/"}],"author":[{"embeddable":true,"href":"https:\/\/revistaconsell.com\/es\/wp-json\/wp\/v2\/users\/14\/"}],"replies":[{"embeddable":true,"href":"https:\/\/revistaconsell.com\/es\/wp-json\/wp\/v2\/comments\/?post=4712"}],"version-history":[{"count":1,"href":"https:\/\/revistaconsell.com\/es\/wp-json\/wp\/v2\/posts\/4712\/revisions\/"}],"predecessor-version":[{"id":4724,"href":"https:\/\/revistaconsell.com\/es\/wp-json\/wp\/v2\/posts\/4712\/revisions\/4724\/"}],"wp:attachment":[{"href":"https:\/\/revistaconsell.com\/es\/wp-json\/wp\/v2\/media\/?parent=4712"}],"wp:term":[{"taxonomy":"category","embeddable":true,"href":"https:\/\/revistaconsell.com\/es\/wp-json\/wp\/v2\/categories\/?post=4712"},{"taxonomy":"post_tag","embeddable":true,"href":"https:\/\/revistaconsell.com\/es\/wp-json\/wp\/v2\/tags\/?post=4712"}],"curies":[{"name":"wp","href":"https:\/\/api.w.org\/{rel}","templated":true}]}}