{"id":6867,"date":"2017-06-10T22:05:57","date_gmt":"2017-06-10T21:05:57","guid":{"rendered":"https:\/\/revistaconsell.com\/?p=6867"},"modified":"2020-10-02T22:13:15","modified_gmt":"2020-10-02T21:13:15","slug":"la-revolucio-de-lenergia-neta-truca-a-la-porta-de-casa-obrim-lhi","status":"publish","type":"post","link":"https:\/\/revistaconsell.com\/es\/la-revolucio-de-lenergia-neta-truca-a-la-porta-de-casa-obrim-lhi\/","title":{"rendered":"La revoluci\u00f3 de l\u2019energia neta truca a la porta de casa Obrim-l\u2019hi!"},"content":{"rendered":"\n\n\n\t<div class=\"dkpdf-button-container\" style=\" text-align:right \">\n\n\t\t<a class=\"dkpdf-button\" href=\"\/es\/wp-json\/wp\/v2\/posts\/6867\/?pdf=6867\" target=\"_blank\"><span class=\"dkpdf-button-icon\"><i class=\"fa fa-file-pdf-o\"><\/i><\/span> PDF<\/a>\n\n\t<\/div>\n\n\n\n\n\n\n<p class=\"has-medium-font-size\">En aquest segle XXI de les energies renovables distribu\u00efdes, la solar al capdavant, els habitatges i edificis de Catalunya han d\u2019esdevenir les veritables centrals energ\u00e8tiques del futur<\/p>\n\n\n\n<p>L\u2019Acord de Par\u00eds, ratificat per 195 estats l\u2019any 2015 i que estableix el comprom\u00eds de reduir les emissions contaminants prop d\u2019un 85% l\u2019any 2050, fixar\u00e0 la pol\u00edtica energ\u00e8tica dels propers anys. El repte \u00e9s tan complex com apassionant. Materialitzar-lo, a difer\u00e8ncia del Protocol de Kyoto signat l\u2019any 1997 \u2013que centrava els esfor\u00e7os en les grans instal\u00b7lacions energ\u00e8tiques i industrials\u2013, requerir\u00e0 tant del lideratge que puguin assumir els ciutadans com de la regulaci\u00f3 i la fiscalitat incentivadores que promoguin les administracions m\u00e9s properes a la ciutadania, tant locals com auton\u00f2miques.<\/p>\n\n\n\n<p>La primera d\u00e8cada del segle XXI va venir marcada per la reducci\u00f3 de la pol\u00b7luci\u00f3 atmosf\u00e8rica emesa en la generaci\u00f3 el\u00e8ctrica en grans instal\u00b7lacions de combusti\u00f3. Tant \u00e9s aix\u00ed que tot just el 2015 es va tancar la darrera central t\u00e8rmica que funcionava amb derivats del petroli a Catalunya, la central de Cubelles. Uns anys abans, entre el 2000 i el 2011, ho havien fet les centrals de St. Adri\u00e0, Badalona, Bes\u00f2s i tamb\u00e9 la central de carb\u00f3 de Cercs. Totes elles van ser substitu\u00efdes per centrals de gas natural, el combustible f\u00f2ssil m\u00e9s net, i en molt menor mesura, per parcs e\u00f2lics i fotovoltaics.<\/p>\n\n\n\n<p>Tot i l\u2019eliminaci\u00f3 dels combustibles m\u00e9s contaminants de la generaci\u00f3 el\u00e8ctrica, la segona d\u00e8cada del segle XXI s\u2019encetava amb l\u2019obertura d\u2019expedients d\u2019infracci\u00f3 per part de la UE a les administracions catalanes per no garantir la salut de la poblaci\u00f3, en vulnerar-se sistem\u00e0ticament els nivells de contaminaci\u00f3 atmosf\u00e8rica per part\u00edcules i \u00f2xids de nitrogen (NOx).<\/p>\n\n\n\n<h2><strong>Entendre la revoluci\u00f3 energ\u00e8tica que ens arriba&nbsp;<\/strong><\/h2>\n\n\n\n<p>L\u2019objectiu de garantir un aire net, lliure de gasos i part\u00edcules nocives per a la salut,&nbsp; ja no se centra en les grans centrals, sin\u00f3 en el transport rodat i en els sistemes de calefacci\u00f3 dom\u00e8stica. Per\u00f2 el repte d\u2019actuar sobre 3,3 milions de vehicles i 3 milions d\u2019edificis poc t\u00e9 a veure amb la intervenci\u00f3 sobre grans centrals propietat de poques i grans empreses.<\/p>\n\n\n\n<p>Les tecnologies netes i eficients per donar-hi resposta s\u00f3n cada cop m\u00e9s econ\u00f2miques, i en els pa\u00efsos on les subvencions i els pagaments poc transparents als combustibles f\u00f2ssils i a l\u2019urani s\u00f3n m\u00e9s baixos, s\u00f3n plenament competitives i a l\u2019abast del ciutad\u00e0 que les pot adquirir, fins i tot, en establiments de bricolatge dom\u00e8stic.<\/p>\n\n\n\n<p>El cotxe el\u00e8ctric, els sistemes d\u2019autoconsum fotovoltaic amb els quals podem generar electricitat a casa i les bateries per emmagatzemar aquesta energia s\u00f3n ja una realitat al nostre abast. Pa\u00efsos rics en recurs energ\u00e8tic solar, com Austr\u00e0lia, han aconseguit en menys de 5 anys que l\u201911% dels habitatges disposin de sistemes fotovoltaics. A Noruega, amb forts impostos al di\u00e8sel i la gasolina per la contaminaci\u00f3 que generen, un de cada quatre vehicles nous \u00e9s avui el\u00e8ctric. A Calif\u00f2rnia, on trobem el nucli tecnol\u00f2gic de Silicon Valley \u2013cada cop m\u00e9s orientat als serveis energ\u00e8tics\u2013, han ent\u00e8s que la converg\u00e8ncia de l\u2019energia solar fotovoltaica i el cotxe el\u00e8ctric \u00e9s el futur d\u2019un nou model energ\u00e8tic on la generaci\u00f3 renovable distribu\u00efda garanteix un model m\u00e9s democr\u00e0tic, ens permet despla\u00e7ar-nos sense embrutar l\u2019aire que respirem tot fent-ho, a m\u00e9s, amb energia renovable de quil\u00f2metre zero, feta al terrat de casa.&nbsp;<\/p>\n\n\n\n<p>I no podem oblidar que, a mesura que m\u00e9s ciutadans apostem per aquest model, m\u00e9s energia neta i aut\u00f2ctona propietat de ciutadans, cooperatives i administracions \u2013avui, en mans de grans empreses\u2013 es posar\u00e0 al mercat i s\u2019afavorir\u00e0 la compet\u00e8ncia i la baixada de preus.<\/p>\n\n\n\n<p>Aquesta proposta \u00e9s engrescadora per\u00f2, de moment, amb aix\u00f2 no n\u2019hi ha prou. A dia d\u2019avui, la regulaci\u00f3, la fiscalitat i el sistema financer estan pensats per al model energ\u00e8tic i social del segle passat. I aix\u00f2 no nom\u00e9s \u00e9s cert per a l\u2019energia; tamb\u00e9 ho \u00e9s per a la planificaci\u00f3 urban\u00edstica, la Propietat Horitzontal, les llic\u00e8ncies d\u2019obres, els permisos auton\u00f2mics&#8230; Si no som capa\u00e7os d\u2019entendre la revoluci\u00f3 energ\u00e8tica que ens ve, centrada en un recurs energ\u00e8tic en qu\u00e8 som rics, com \u00e9s el Sol, perdrem una oportunitat d\u2019aquelles que succeeixen nom\u00e9s un cop cada 100 anys i que transformen el m\u00f3n per millorar-lo.<\/p>\n\n\n\n<h2><strong>Edificis i habitatges, les centrals energ\u00e8tiques delfutur<\/strong><\/h2>\n\n\n\n<p>El model actual ens ha portat a alts \u00edndexs de pobresa energ\u00e8tica, a un mercat energ\u00e8tic on el 95% de l\u2019energia \u00e9s en mans de 5 grans grups empresarials i on els nivells de contaminaci\u00f3 s\u00f3n dignes d\u2019expedients d\u2019infracci\u00f3 per part dels tribunals europeus. I en darrer lloc \u2013i aix\u00f2 ens hauria de treure for\u00e7a la son\u2013, el 92% dels recursos energ\u00e8tics que consumim els hem d\u2019importar. Garantir el dret fonamental d\u2019acc\u00e9s als recursos energ\u00e8tics quan el 92% de la nostra energia dep\u00e8n del que decideixin els pa\u00efsos de l\u2019OPEP \u00e9s, senzillament, impossible.<\/p>\n\n\n\n<p>Per\u00f2 aix\u00f2 ho podem canviar. L\u2019edifici pot esdevenir el centre neur\u00e0lgic del nou model energ\u00e8tic, m\u00e9s net, distribu\u00eft, renovable i on el ciutad\u00e0 DECIDEIXI.<\/p>\n\n\n\n<p>Tanmateix, aquest nou model exigeix entendre i actuar en la necessitat d\u2019ocupar els sostres comunitaris per APROFITAR el recurs energ\u00e8tic que tenim tots els catalans, el Sol, i d\u2019electrificar les places d\u2019aparcament amb punts de rec\u00e0rrega per als vehicles el\u00e8ctrics. L\u2019acumulaci\u00f3 d\u2019electricitat en bateries, per aprofitar al m\u00e0xim la rendibilitat solar, no requerir\u00e0 de cap acord comunitari. Per la seva bona est\u00e8tica i pel s\u00edmbol de comprom\u00eds amb el futur que representen, les voldrem posar en un lloc ben visible, possiblement al bell mig del menjador.<\/p>\n\n\n\n<p>La societat catalana del segle XX s\u2019ha edificat sota la Propietat Horitzontal. Aix\u00f2 ha estat positiu, per\u00f2 ara no pot ser un fre a les tecnologies disruptives que faran obsolet el petroli, l\u2019urani i la contaminaci\u00f3. El segle XXI \u00e9s el segle de les energies renovables distribu\u00efdes, encap\u00e7alada per l\u2019energia solar, un recurs que no ens cal estalviar, nom\u00e9s aprofitar.&nbsp;<\/p>\n\n\n\n<p>Sabem que les resist\u00e8ncies al canvi seran inevitables. Quan bufen vents de canvis, sempre trobem qui construeix barreres i murs, per\u00f2 molts d\u2019altres ho entenen i saben construir molins de vent. A l\u2019Institut Catal\u00e0 d\u2019Energia ho tenim molt clar i, dintre del nostre limitat marge competencial i pressupostari, estem \u201cconstruint molins\u201d, i treballem plegats amb el Col\u00b7legi d\u2019Administradors de Finques i altres col\u00b7legis professionals i t\u00e8cnics lligats a la construcci\u00f3. La Taula d\u2019impuls a l\u2019autoconsum fotovoltaic i la Taula per al desplegament de la infraestructura de rec\u00e0rrega van n\u00e9ixer per separat, l\u2019any 2017 i 2016 respectivament.\u00a0 Avui estan clarament convergint. Tots aquells que volem emp\u00e8nyer el canvi sabem que els habitatges i edificis de Catalunya esdevindran les veritables centrals energ\u00e8tiques del futur. Aquest futur ja \u00e9s present en els pa\u00efsos capdavanters en la democratitzaci\u00f3 de l\u2019energia, i Catalunya no hi pot fer tard.\u00a0<\/p>\n\n\n\n<p><strong>Recuperaci\u00f3 del mercat<\/strong><br>L\u2019increment del parc de vehicles eficients a Catalunya s\u2019ha fet evident el 2016<\/p>\n\n\n\n<figure class=\"wp-block-image size-large\"><img loading=\"lazy\" width=\"725\" height=\"1024\" src=\"https:\/\/revistaconsell.com\/wp-content\/uploads\/2020\/10\/PuntRecarga2-01-01-725x1024.jpg\" alt=\"\" class=\"wp-image-6873\" srcset=\"https:\/\/revistaconsell.com\/wp-content\/uploads\/2020\/10\/PuntRecarga2-01-01-725x1024.jpg 725w, https:\/\/revistaconsell.com\/wp-content\/uploads\/2020\/10\/PuntRecarga2-01-01-212x300.jpg 212w, https:\/\/revistaconsell.com\/wp-content\/uploads\/2020\/10\/PuntRecarga2-01-01-768x1085.jpg 768w, https:\/\/revistaconsell.com\/wp-content\/uploads\/2020\/10\/PuntRecarga2-01-01-1087x1536.jpg 1087w, https:\/\/revistaconsell.com\/wp-content\/uploads\/2020\/10\/PuntRecarga2-01-01.jpg 1241w\" sizes=\"(max-width: 725px) 100vw, 725px\" \/><\/figure>\n\n\n\n<p><\/p>\n","protected":false},"excerpt":{"rendered":"<p>PDF En aquest segle XXI de les energies renovables distribu\u00efdes, la solar al capdavant, els habitatges i edificis de Catalunya han d\u2019esdevenir les veritables centrals energ\u00e8tiques del futur L\u2019Acord de Par\u00eds, ratificat per 195 estats l\u2019any 2015 i que estableix el comprom\u00eds de reduir les emissions contaminants prop d\u2019un 85% l\u2019any 2050, fixar\u00e0 la pol\u00edtica [&hellip;]<\/p>\n","protected":false},"author":12,"featured_media":0,"comment_status":"open","ping_status":"open","sticky":false,"template":"","format":"standard","meta":{"advgb_blocks_editor_width":"","advgb_blocks_columns_visual_guide":"","_editorskit_title_hidden":false,"_editorskit_reading_time":4},"categories":[106],"tags":[],"author_meta":{"display_name":"Redaccio Consell","author_link":"https:\/\/revistaconsell.com\/es\/author\/redaccioconsell\/"},"featured_img":null,"_links":{"self":[{"href":"https:\/\/revistaconsell.com\/es\/wp-json\/wp\/v2\/posts\/6867\/"}],"collection":[{"href":"https:\/\/revistaconsell.com\/es\/wp-json\/wp\/v2\/posts\/"}],"about":[{"href":"https:\/\/revistaconsell.com\/es\/wp-json\/wp\/v2\/types\/post\/"}],"author":[{"embeddable":true,"href":"https:\/\/revistaconsell.com\/es\/wp-json\/wp\/v2\/users\/12\/"}],"replies":[{"embeddable":true,"href":"https:\/\/revistaconsell.com\/es\/wp-json\/wp\/v2\/comments\/?post=6867"}],"version-history":[{"count":2,"href":"https:\/\/revistaconsell.com\/es\/wp-json\/wp\/v2\/posts\/6867\/revisions\/"}],"predecessor-version":[{"id":6875,"href":"https:\/\/revistaconsell.com\/es\/wp-json\/wp\/v2\/posts\/6867\/revisions\/6875\/"}],"wp:attachment":[{"href":"https:\/\/revistaconsell.com\/es\/wp-json\/wp\/v2\/media\/?parent=6867"}],"wp:term":[{"taxonomy":"category","embeddable":true,"href":"https:\/\/revistaconsell.com\/es\/wp-json\/wp\/v2\/categories\/?post=6867"},{"taxonomy":"post_tag","embeddable":true,"href":"https:\/\/revistaconsell.com\/es\/wp-json\/wp\/v2\/tags\/?post=6867"}],"curies":[{"name":"wp","href":"https:\/\/api.w.org\/{rel}","templated":true}]}}