{"id":6987,"date":"2013-03-10T16:58:25","date_gmt":"2013-03-10T15:58:25","guid":{"rendered":"https:\/\/revistaconsell.com\/?p=6987"},"modified":"2020-10-03T17:02:09","modified_gmt":"2020-10-03T16:02:09","slug":"un-recorregut-pel-centre-medieval-de-girona","status":"publish","type":"post","link":"https:\/\/revistaconsell.com\/es\/un-recorregut-pel-centre-medieval-de-girona\/","title":{"rendered":"Un recorregut pel centre medieval de Girona"},"content":{"rendered":"\n\n\n\t<div class=\"dkpdf-button-container\" style=\" text-align:right \">\n\n\t\t<a class=\"dkpdf-button\" href=\"\/es\/wp-json\/wp\/v2\/posts\/6987\/?pdf=6987\" target=\"_blank\"><span class=\"dkpdf-button-icon\"><i class=\"fa fa-file-pdf-o\"><\/i><\/span> PDF<\/a>\n\n\t<\/div>\n\n\n\n\n\n\n<p class=\"has-medium-font-size\">L\u2019acurada recuperaci\u00f3 del casc antic giron\u00e8s converteix aquest itinerari en una lli\u00e7\u00f3 d\u2019hist\u00f2ria que repassa el passat multicultural de la ciutat catalana.<\/p>\n\n\n\n<p>Girona \u00e9s un harm\u00f2nic compendi de grans atractius. En pocs carrers es passa del seu espl\u00e8ndid barri jueu a la seva catedral, ubicada en un punt elevat de la ciutat, la qual t\u00e9 una nau g\u00f2tica considerada com la m\u00e9s ampla d\u2019Europa. Visitar els banys \u00e0rabs i pujar a la muralla carol\u00edngia, que ofereix una panor\u00e0mica immillorable sobre el casc antic, s\u00f3n altres formes de con\u00e8ixer el passat d\u2019aquesta ciutat.<\/p>\n\n\n\n<p>La seva ubicaci\u00f3 \u00e9s estrat\u00e8gica, a nom\u00e9s 100 km de Barcelona, prop de la frontera amb Fran\u00e7a i a pocs minuts de la costa mediterr\u00e0nia. Aix\u00f2 ha fet de Girona una ciutat de cru\u00eflles hist\u00f2riques. D\u2019aqu\u00ed rau el seu ric patrimoni i la seva intensa vida cultural. A m\u00e9s, l\u2019encant de la seva fa\u00e7ana urbana, que s\u2019acosta al mirall del riu Onyar, combina amb un inquiet calendari art\u00edstic, com s\u2019aprecia del festival de teatre de Temporada Alta, que en els darrers anys s\u2019ha convertit en un dels m\u00e9s importants d\u2019Espanya.<\/p>\n\n\n\n<h2>LA CATEDRAL&nbsp;<\/h2>\n\n\n\n<p>La nau central \u00e9s d\u2019estil g\u00f2tic i es va acabar de construir al segle XV. Per accedir a l\u2019interior del temple cal ascendir des de la seva magn\u00edfica escalinata barroca.<\/p>\n\n\n\n<blockquote class=\"wp-block-quote\"><p>La fa\u00e7ana barroca de la catedral precedeix un magn\u00edfic interior g\u00f2tic. La nau central \u00e9s una de les m\u00e9s \u00e0mplies dins d\u2019aquest estil<\/p><\/blockquote>\n\n\n\n<h2>BARRI DEL CALL<\/h2>\n\n\n\n<p>El Palau de la Pabordia, en el carrer Claveria, \u00e9s un exemple excel\u00b7lent de casa g\u00f2tica amb pati central. L\u2019edifici va pert\u00e0nyer a una rica fam\u00edlia jueva.&nbsp;<\/p>\n\n\n\n<p>La fa\u00e7ana barroca de la catedral precedeix un magn\u00edfic interior g\u00f2tic. La nau central \u00e9s una de les m\u00e9s \u00e0mplies dins d\u2019aquest estil.<\/p>\n\n\n\n<p>Una bona opci\u00f3 \u00e9s comen\u00e7ar a la catedral de Santa Maria, la qual t\u00e9 una majestuosa fa\u00e7ana barroca que va ser acabada al 1730. L\u2019interior mostra els estats de la seva llarga hist\u00f2ria, des que es va comen\u00e7ar a construir al segle XI en l\u2019estil rom\u00e0nic, del qual es conserva el claustre. Per\u00f2 la nau central, del segle XIII, \u00e9s d\u2019un g\u00f2tic esplendor\u00f3s, ja que els seus quasi 23 metres d\u2019ample la situen entre les m\u00e9s grans del m\u00f3n en aquest estil.<\/p>\n\n\n\n<p>El museu catedralici guarda una de les joies m\u00e9s valuoses del simbolisme medieval, el Tap\u00eds de la Creaci\u00f3, del segle XII. Al costat de la Catedral s\u2019erigeix el Palau Episcopal, un edifici del segle X amb un aspecte de fortalesa que en l\u2019actualitat allotja l\u2019interessant Museu d\u2019Art.<\/p>\n\n\n\n<blockquote class=\"wp-block-quote\"><p>El museu catedralici\u00a0guarda una de lesjoies m\u00e9s valuosesdel simbolisme\u00a0medieval, el Tap\u00edsde la Creaci\u00f3<\/p><\/blockquote>\n\n\n\n<h2>INCURSI\u00d3 EN EL CALL<\/h2>\n\n\n\n<p>L\u2019escalinata barroca, que baixa des de la Catedral, diposita el seu cor en el cas antic i en el barri del call, l\u2019antic barri jueu. Aquest sector \u00e9s, sens dubte, un dels grans atractius de la visita a Girona. En primer lloc per la seducci\u00f3 d\u2019aquest laberint de carrers estrets amb les seves cases de pedra i patis porticats amb fonts, que conserven intacte el seu sabor medieval. Per\u00f2 tamb\u00e9 perqu\u00e8, en els darrers anys, s\u2019ha empr\u00e8s un labori\u00f3s rescat d\u2019aquest ric llegat.<\/p>\n\n\n\n<h2>CENTRE BONASTRUC \u00c7A PORTA<\/h2>\n\n\n\n<p>Aquest edifici alberga el Museu d\u2019Hist\u00f2ria dels Jueus, que conserva els m\u00e9s important documents. Des de les seves sales es pot accedir al seu pati. El Centre Bonastruc \u00e7a Porta, ubicat al carrer de La For\u00e7a, la principal art\u00e8ria del Call, alberga l\u2019Institut d\u2019Estudis Nahm\u00e0nides i el Museu d\u2019hist\u00f2ria dels jueus. La seva visita permet apreciar tots els aspecte de la vida d\u2019aquella nombrosa comunitat, des de les seves vestimentes fins als documents de les seves activitats intel\u00b7lectuals i comercials, objectes vinculats al culte religi\u00f3s, elements d\u2019orfebreria i eines d\u2019artesans.<\/p>\n\n\n\n<p>El museu ha incorporat recentment un document de gran valor: una ketub\u00e1 \u2013contracte matrimonial en qu\u00e8 s\u2019especifiquen els compromisos de cada contribuent\u2013 escrita en hebreu i que data del segle XIV. El centre ocupa un conjunt d\u2019edificis medievals en el lloc on es localitzava una de les tres sinagogues que centraven la vida religiosa de la comunitat jueva.<\/p>\n\n\n\n<h2>CONVENTS I PALAUS<\/h2>\n\n\n\n<p>En el mateix carrer de La For\u00e7a es troba el Museu d\u2019Hist\u00f2ria de la Ciutat, una casona medieval que va passar a ser convent caputx\u00ed de Sant Antoni el 1753. Seguint pel carrer Ciutadans apareixen altres palaus medievals, com la Fontana d\u2019Or, del Segle XII i la seu d\u2019un centre cultural dedicat a exposicions d\u2019art. La millor ocasi\u00f3 per admirar aquests edificis \u00e9s al maig, quan la ciutat alberga el Temps de Flors \u2013l\u2019altra gran festa \u00e9s Sant Narc\u00eds, a l\u2019Octubre\u2013, que durant una mica m\u00e9s d\u2019una setmana inunda carrers, esgl\u00e9sies, patis i places amb demostracions florals, creades per artistes de diferents especialitats i de prestigi nacional i internacional.<\/p>\n\n\n\n<p>Diversos palaus medievals mostren la prosperitat que va tenir el barri jueu giron\u00ed. Alguns obren al p\u00fablic els seus patis interiors.<\/p>\n\n\n\n<blockquote class=\"wp-block-quote\"><p>Diversos palaus medievals mostren la prosperitat que va tenir el barri jueu giron\u00ed. Alguns obren al p\u00fablic els seus patis interiors.<\/p><\/blockquote>\n\n\n\n<h2>PUJADA DE SANT DOM\u00c8NEC<\/h2>\n\n\n\n<p>Les empinades escalinates que porten del barri jueu a la catedral mantenen intacte el fort car\u00e0cter medieval del casc antic giron\u00ed.<\/p>\n\n\n\n<h2>CUINA DE MAR I MUNTANYA<\/h2>\n\n\n\n<p>Si es pren rumb al riu, s\u2019arriba a la Rambla de la Llibertat, nucli de la vida social i comercial de la ciutat. Els baixos edificis medievals allotjant comer\u00e7os, mentre que en els soportals s\u2019instal\u00b7len terrasses i bars, aix\u00ed com restaurant idonis per descobrir la gastronomia local. El fet de tenir ben a prop la Costa Brava proporciona peix i marisc fresc, que poden degustar-se amb plats d\u2019arr\u00f2s com el \u201cMar i Muntanya\u201d combinats amb carn de porc, conill i pollastre.<\/p>\n\n\n\n<p>A pocs passos de la Rambla de la Llibertat corren les aig\u00fces del Riu Onyar, des de qualsevol dels ponts que el creuen es pot concloure la visita amb una perspectiva \u00fanica sobre les fa\u00e7anes grogues, taronges i daurades de les cases que s\u2019aixequen sobre el riu.<\/p>\n","protected":false},"excerpt":{"rendered":"<p>PDF L\u2019acurada recuperaci\u00f3 del casc antic giron\u00e8s converteix aquest itinerari en una lli\u00e7\u00f3 d\u2019hist\u00f2ria que repassa el passat multicultural de la ciutat catalana. Girona \u00e9s un harm\u00f2nic compendi de grans atractius. En pocs carrers es passa del seu espl\u00e8ndid barri jueu a la seva catedral, ubicada en un punt elevat de la ciutat, la qual [&hellip;]<\/p>\n","protected":false},"author":12,"featured_media":0,"comment_status":"open","ping_status":"open","sticky":false,"template":"","format":"standard","meta":{"advgb_blocks_editor_width":"","advgb_blocks_columns_visual_guide":"","_editorskit_title_hidden":false,"_editorskit_reading_time":4},"categories":[106],"tags":[],"author_meta":{"display_name":"Redaccio Consell","author_link":"https:\/\/revistaconsell.com\/es\/author\/redaccioconsell\/"},"featured_img":null,"_links":{"self":[{"href":"https:\/\/revistaconsell.com\/es\/wp-json\/wp\/v2\/posts\/6987\/"}],"collection":[{"href":"https:\/\/revistaconsell.com\/es\/wp-json\/wp\/v2\/posts\/"}],"about":[{"href":"https:\/\/revistaconsell.com\/es\/wp-json\/wp\/v2\/types\/post\/"}],"author":[{"embeddable":true,"href":"https:\/\/revistaconsell.com\/es\/wp-json\/wp\/v2\/users\/12\/"}],"replies":[{"embeddable":true,"href":"https:\/\/revistaconsell.com\/es\/wp-json\/wp\/v2\/comments\/?post=6987"}],"version-history":[{"count":1,"href":"https:\/\/revistaconsell.com\/es\/wp-json\/wp\/v2\/posts\/6987\/revisions\/"}],"predecessor-version":[{"id":6988,"href":"https:\/\/revistaconsell.com\/es\/wp-json\/wp\/v2\/posts\/6987\/revisions\/6988\/"}],"wp:attachment":[{"href":"https:\/\/revistaconsell.com\/es\/wp-json\/wp\/v2\/media\/?parent=6987"}],"wp:term":[{"taxonomy":"category","embeddable":true,"href":"https:\/\/revistaconsell.com\/es\/wp-json\/wp\/v2\/categories\/?post=6987"},{"taxonomy":"post_tag","embeddable":true,"href":"https:\/\/revistaconsell.com\/es\/wp-json\/wp\/v2\/tags\/?post=6987"}],"curies":[{"name":"wp","href":"https:\/\/api.w.org\/{rel}","templated":true}]}}