{"id":7013,"date":"2011-09-10T19:28:54","date_gmt":"2011-09-10T18:28:54","guid":{"rendered":"https:\/\/revistaconsell.com\/?p=7013"},"modified":"2020-10-03T19:29:33","modified_gmt":"2020-10-03T18:29:33","slug":"damm-la-multinacional-catalana-de-la-cerveza","status":"publish","type":"post","link":"https:\/\/revistaconsell.com\/es\/damm-la-multinacional-catalana-de-la-cerveza\/","title":{"rendered":"Damm: La multinacional catalana de la cerveza"},"content":{"rendered":"\n\n\n\t<div class=\"dkpdf-button-container\" style=\" text-align:right \">\n\n\t\t<a class=\"dkpdf-button\" href=\"\/es\/wp-json\/wp\/v2\/posts\/7013\/?pdf=7013\" target=\"_blank\"><span class=\"dkpdf-button-icon\"><i class=\"fa fa-file-pdf-o\"><\/i><\/span> PDF<\/a>\n\n\t<\/div>\n\n\n\n\n\n\n<p class=\"has-medium-font-size\">La companyia va n\u00e9ixer l&#8217;any 1876, per iniciativa del jove mestre cerveser alsaci\u00e0 August&nbsp;Kuentzmann&nbsp;Damm<\/p>\n\n\n\n<p>Com en tantes altres hist\u00f2ries d&#8217;emprenedors, els or\u00edgens de la cervesa m\u00e9s popular de Catalunya cal trobar-los en la immigraci\u00f3. A conseq\u00fc\u00e8ncia de la guerra francoprussiana (1870-1871), el matrimoni format per August&nbsp;Kuentzmann&nbsp;Damm (1843-1877) i la seva esposa,&nbsp;Melanie, va abandonar l&#8217;actual regi\u00f3 francesa d&#8217;Als\u00e0cia per establir-se a Barcelona l&#8217;any 1871. Ell era mestre cerveser a la seva ciutat natal de&nbsp;S\u00e9lestat&nbsp;(en al-saci\u00e0,&nbsp;Schlettstadt). Un cop a la capital catalana,&nbsp;Kuentzmann&nbsp;no va trigar a bus-car un capitalista \u2013va ser un tal Camps, de qui hi ha escasses refer\u00e8ncies\u2013 per posar en marxa una de les primeres f\u00e0briques de cervesa a la rodalia de Barcelona, en concret al barri del Poblenou, que llavors pertanyia al municipi de Sant Mart\u00ed de Proven\u00e7als. Aquesta aventura empresarial, iniciada el 1872, va donar nom a la f\u00e0brica Camps i&nbsp;Kuentzmann, i va durar quatre anys. Com que en aquella \u00e8poca la cervesa no era una beguda popular i m\u00e9s aviat era un producte per a certes elits viatjades,&nbsp;Kuentzmann&nbsp;devia pensar que calia introduir-la tamb\u00e9 en el mercat i per aquesta ra\u00f3 va obrir una de les primeres cerveseries de la ciutat, que es va instal\u00b7lar a la Rambla l&#8217;any 1872. El local s&#8217;anomenava&nbsp;Cambrinus, en honor al rei de la cervesa,&nbsp;Gambrinus, tot i que suposem que per motius purament comercials es va canviar la \u00abg\u00bb per una \u00abc\u00bb. Ho va fer en companyia d&#8217;un altre soci capitalista \u2013probablement Valent\u00ed Pons o una altra persona, ja que no s&#8217;ha pogut comprovar fidelment\u2013, potser per-qu\u00e8 l&#8217;objectiu d&#8217;aquest jove alsaci\u00e0 no era el negoci de la restauraci\u00f3. En tot cas, deixem const\u00e0ncia que, l&#8217;abril del 1881, Valent\u00ed Pons va obrir un altre local, com reflectia l&#8217;edici\u00f3 de La Vanguardia del 30 de juliol: \u00abEsta&nbsp;noche,&nbsp;como&nbsp;anunciamos,&nbsp;abrir\u00e1&nbsp;sus&nbsp;puertas&nbsp;al&nbsp;p\u00fablico&nbsp;el Gran Restaurant&nbsp;y&nbsp;Cervecer\u00eda&nbsp;Cambrinus, que el&nbsp;se\u00f1or&nbsp;don&nbsp;Valent\u00edn&nbsp;Pons,&nbsp;due\u00f1o&nbsp;del antiguo&nbsp;establecimiento&nbsp;de aquel&nbsp;nombre que&nbsp;hay&nbsp;en la&nbsp;plaza&nbsp;de Santa Madrona, acaba&nbsp;de instalar&nbsp;en la&nbsp;Rambla&nbsp;de Santa&nbsp;M\u00f3nica, n\u00famero 29,&nbsp;esquina&nbsp;al&nbsp;pasaje&nbsp;del&nbsp;Comercio. La&nbsp;transformaci\u00f3n&nbsp;completa que el local&nbsp;ha&nbsp;sufrido&nbsp;bajo&nbsp;la&nbsp;inteligente&nbsp;direcci\u00f3n&nbsp;de&nbsp;dicho&nbsp;se\u00f1or,&nbsp;as\u00ed&nbsp;en el&nbsp;piso&nbsp;bajo&nbsp;como&nbsp;en&nbsp;el entresuelo,&nbsp;de que&nbsp;tambi\u00e9n&nbsp;dispone, am\u00e9n de&nbsp;servicio&nbsp;esmerado&nbsp;con&nbsp;que&nbsp;cuenta&nbsp;corresponder&nbsp;al favor del&nbsp;p\u00fablico,&nbsp;permiten&nbsp;augurarle&nbsp;mucha&nbsp;prosperidad&nbsp;en&nbsp;su&nbsp;nueva&nbsp;empresa.\u00bb<\/p>\n\n\n\n<blockquote class=\"wp-block-quote\"><p>\u201cL\u2019any 1872, el fundador de Damm va comen\u00e7ar a fabricar cervesa a Barcelona i va ser l\u2019art\u00edfex de l\u2019obertura d\u2019una de les primeres cerveseries de la Rambla\u201d<\/p><\/blockquote>\n\n\n\n<h2>NEIX DAMM<\/h2>\n\n\n\n<p>L&#8217;any 1876, August&nbsp;Kuentzmann&nbsp;Damm, en companyia del seu cos\u00ed&nbsp;Joseph&nbsp;Damm&nbsp;Geny&nbsp;(1844-1907), que tamb\u00e9 era mestre cerveser i havia emigrat a Barcelona, es va establir per&nbsp;compte&nbsp;propi en uns locals del n\u00famero 25 del carrer Viladomat. Malauradament, August&nbsp;Kuentzmann&nbsp;no va poder veure els resultats d&#8217;aquesta primera f\u00e0brica, ja que un any despr\u00e9s de la fundaci\u00f3, quan ell en tenia trenta-tres, va morir a Barcelona. Llavors va ser el seu cos\u00ed&nbsp;Joseph&nbsp;qui va agafar les regnes de la incipient ind\u00fastria cervesera, a la qual s&#8217;afegiria un altre personatge, el comerciant alemany Adolf&nbsp;Leinbacher&nbsp;Utorfer, que es va casar amb&nbsp;Melanie, la viuda de&nbsp;Kuentzmann. La societat&nbsp;Leinbacher-Damm (1881-1888) no tindria un recorregut gaire llarg, ja que a la mort de&nbsp;Leinbacher&nbsp;la societat es va dissoldre i va donar pas a Damm i Companyia, ja totalment liderada per&nbsp;Joseph&nbsp;Damm i amb un altre soci capitalista, l&#8217;alemany Karl&nbsp;Reck. Mentrestant, la f\u00e0brica s&#8217;havia traslladat al carrer Urgell cantonada Diputaci\u00f3. Despr\u00e9s de la mort de&nbsp;Reck, l&#8217;any 1893, Josep Damm obtindria el control total de l&#8217;empresa. Els fonaments de la futura companyia ja estaven posats, per\u00f2 el cam\u00ed no havia de ser f\u00e0cil. Van ser els seus fills, Josep, Maria i Carles Damm&nbsp;Cal\u00e0s, els que l&#8217;any 1910 van tancar un acord amb dues altres&nbsp;empreses cerveseres barcelonines, La Boh\u00e8mia, de Joan&nbsp;Musolas, i la societat E.&nbsp;Cammany&nbsp;i Cia., fundada per socis catalans el 1899. De la uni\u00f3 comercial, en va sortir la Societat An\u00f2nima Damm, dins de la qual, inicialment, tots els socis van mantenir les seves especificitats i les respectives marques comercials.&nbsp;No obstant aix\u00f2, la producci\u00f3 es concentraria r\u00e0pidament a la f\u00e0brica que La Boh\u00e8mia havia inaugurat l&#8217;any 1905 al carrer Rossell\u00f3. Aquest recinte cerveser es va mantenir en actiu fins al 1992, moment en qu\u00e8 es va tancar i l&#8217;edifici va passar a convertir-se en la seu corporativa del Grup Damm. Aquesta f\u00e0brica havia estat iniciativa de l&#8217;empresa que havien fundat l&#8217;any 1902 el comerciant barcelon\u00ed de vins i alcohols Joan&nbsp;Musolas&nbsp;Andreu i el mestre cerveser txec&nbsp;Bohuslav&nbsp;Miklas, amb la marca La Boh\u00e8mia. La construcci\u00f3, que ocupava tota una illa de l&#8217;Eixample, estava en-voltada en aquells moments de camps i horts, i va ser dirigida pel mestre d&#8217;obres Pere Molins i Coll. \u00c9s un conjunt fabril format per diferents cossos, tots amb coronament de merlets, entre els quals destaca especialment la torre Estrella. Quan la f\u00e0brica va entrar en funciona-ment podia produir fins a 20.000&nbsp;hectolitres de cervesa, 10.000 dels quals eren de cervesa estils Pilsen i Munic. Inicial-ment hi treballaven quaranta persones, nou de les quals eren mestres cervesers alemanys. Al cap d&#8217;unes d\u00e8cades, aquesta f\u00e0brica va arribar a donar feina a vuit-centes persones. L&#8217;any 92 va cessar la producci\u00f3, que es va traslladar a la moderna planta del Prat de Llobregat. El passat industrial \u00e9s hist\u00f2ria, i el Grup Damm, conscient del s\u00edmbol que constitu\u00efa la seva antiga f\u00e0brica, ha sabut mantenir i ennoblir aquesta construcci\u00f3 com un valor patrimonial de la marca. L&#8217;any 2010 se&#8217;n van rehabilitar dos entorns emblem\u00e0tics: l&#8217;antiga sala de&nbsp;brassatge, que conserva les calderes de coure originals, i la sala de m\u00e0quines, que ara \u00e9s un espai di\u00e0fan, amb cabuda per a tres-centes persones, que s&#8217;ha obert a la ciutat com un espai polivalent per acollir tota mena d&#8217;actes empresarials, culturals i esportius que tinguin Barcelona com a motiu central. Tamb\u00e9 hi destaca la construcci\u00f3 d&#8217;un ampli espai muse\u00edstic dedicat a l&#8217;evoluci\u00f3 de Damm en la societat barcelonina. Perqu\u00e8 la cervesa per excel\u00b7l\u00e8ncia de Barcelona \u00e9s l&#8217;Estrella Damm, a pesar que la marca cervesera degana a casa nostra, Moritz, es vol res-situar en el mercat. Fundada l&#8217;any 1856 a Barcelona per l&#8217;alsaci\u00e0&nbsp;Louis&nbsp;Moritz, aquesta marca va mantenir sempre un dur frec a frec amb Damm, fins que el 1978 es va deixar de fabricar. L&#8217;any 2004, els hereus de la marca van tornar a llan\u00e7ar-la al mercat, a pesar que en aquesta ocasi\u00f3 no van obrir f\u00e0brica, sin\u00f3 que van subcontractar la producci\u00f3 a l&#8217;empresa aragonesa La&nbsp;Zaragozana, que a Arag\u00f3 t\u00e9 molta implantaci\u00f3 amb la cervesa&nbsp;\u00c1mbar.<\/p>\n\n\n\n<blockquote class=\"wp-block-quote\"><p>\u201cL\u2019any 1910 es va constituir oficial-ment la Societat An\u00f2nima Damm, despr\u00e9s que els fills de Joseph Damm es van fusionar amb dos altres grups cervesers de la ciutat\u201d<\/p><\/blockquote>\n\n\n\n<h2>INNOVAR PER CR\u00c9IXER<\/h2>\n\n\n\n<p>La primera cervesa que va elaborar&nbsp;Kuentzmann&nbsp;Damm va ser el tipus&nbsp;Estrasburg, per\u00f2 la primera que va portar el cognom Damm va ser la&nbsp;Bock-Damm, que va sortir al mercat l&#8217;any 1888 i que es fabricava seguint les t\u00e8cniques d&#8217;elaboraci\u00f3 tradicionals de la cervesa negra de Munic. Despr\u00e9s vindrien l&#8217;Estrella Vermella-Munic, l&#8217;estil Viena i l&#8217;estil Pilsen. De les cl\u00e0ssiques, s&#8217;ha de destacar la creaci\u00f3, l&#8217;any 1921, de l&#8217;Estrella&nbsp;Dorada, una varietat especial elaborada sobre la base de la Pilsen que ha fet fortuna en el mercat. Amb l&#8217;Estrella&nbsp;Dorada, Damm forjar\u00e0 una bona una part del seu \u00e8xit comercial. No ser\u00e0&nbsp;fins&nbsp;l&#8217;any 1991 que l&#8217;Estrella&nbsp;Dorada&nbsp;canviar\u00e0 de nom per convertir-se en Estrella Damm. Altres productes l\u00edders s\u00f3n la Xibeca, nascuda el 1931 i que aquest any en compleix vuitanta, i la&nbsp;Voll-Damm, apareguda el 1955 i elaborada amb el doble de malt. Una bona part d&#8217;aquestes especialitats estan associades al s\u00edmbol de l&#8217;estel de cinc puntes que s&#8217;ha convertit en la senya d&#8217;identitat corporativa de Damm al llarg de la seva dilatada hist\u00f2ria empresarial. Per cert, despr\u00e9s de la guerra civil, la marca Estrella Roja (1928) i el seu logo-tip de l&#8217;estel vermell es van retirar del mercat per evitar ferir susceptibilitats dins de l&#8217;aparell dictatorial franquista, a causa de la semblan\u00e7a amb l&#8217;estrella comunista. M\u00e9s moderna \u00e9s l&#8217;aparici\u00f3 de la primera cervesa Damm sense alcohol, que va sortir l&#8217;any 1989 amb el nom de&nbsp;Malz-Bier. Va durar com a tal&nbsp;fins&nbsp;l&#8217;any 1991, quan la forta demanda va obligar a substituir el nom inicial per un altre de m\u00e9s comercial. El 1992 va apar\u00e8ixer la Damm-Bier, i, setze anys despr\u00e9s, el 2007, Damm va fer donar una volta de rosca m\u00e9s a aquest producte per treure la revolucion\u00e0ria&nbsp;Free&nbsp;Damm, la cervesa sense alcohol m\u00e9s baixa en calories. Al-tres productes m\u00e9s nous, per\u00f2 que ja s&#8217;han fet un lloc en el mercat s\u00f3n l&#8217;A. K. Damm i la&nbsp;Inedit. La primera va n\u00e9ixer com a homenatge al fundador de l&#8217;empresa, August&nbsp;Kuentzmann&nbsp;Damm, quan la companyia va celebrar el cent vint-i-cinc aniversari de la fundaci\u00f3. \u00c9s una cervesa&nbsp;lager&nbsp;elaborada segons el m\u00e8tode alsaci\u00e0. La&nbsp;Inedit&nbsp;\u00e9s fruit de la col\u00b7laboraci\u00f3 amb el polifac\u00e8tic cuiner Ferran Adri\u00e0 i el seu equip de sommeliers d&#8217;El Bulli. Damm buscava una cervesa gastron\u00f2mica davant dels canvis d&#8217;h\u00e0bits dels ciutadans a l&#8217;hora d&#8217;asseure&#8217;s a taula. Volia una alternativa al vi per acompanyar qualsevol mena de plat. El resultat va ser un cupatge \u00fanic de malt d&#8217;ordi i blat aromatitzat amb coriandre, pell de taronja i regal\u00e8ssia. L&#8217;\u00faltima novetat \u00e9s la&nbsp;Weiss&nbsp;Damm, presentada en el Sal\u00f3 Aliment\u00e0ria celebrat el mar\u00e7 passat a Barcelona. Es tracta d&#8217;una cervesa de blat elaborada segons la recepta original dels mestres cervesers de Baviera del segle XVI.<\/p>\n\n\n\n<blockquote class=\"wp-block-quote\"><p>\u201cL\u2019any 1992 es va tancar la f\u00e0brica del carrer Rossell\u00f3, que havia entrat en funcionament l\u2019any 1905, quan l\u2019actual barri de la Sagrada Fam\u00edlia no existia\u201d<\/p><\/blockquote>\n\n\n\n<p><br><\/p>\n\n\n\n<h2>GRUP INDUSTRIAL<\/h2>\n\n\n\n<p>A pesar que el cognom Damm ha desaparegut del grup d&#8217;accionistes \u2013l&#8217;\u00faltima&nbsp;re-presentant&nbsp;va ser Josefina Bosch Damm, filla de Maria Damm&nbsp;Cal\u00e0s, un dels tres fills del fundador,&nbsp;Joseph&nbsp;Damm&nbsp;Geny\u2013, en l&#8217;accionariat es mantenen una bona part de les fam\u00edlies que fa cent trenta-cinc anys van engegar aquesta empresa, avui convertida en un conglomerat industrial que l&#8217;any 2010 va facturar 790 milions d&#8217;euros i que d\u00f3na feina a m\u00e9s de dos mil treballadors. En l&#8217;actualitat, els accionistes de refer\u00e8ncia s\u00f3n la fam\u00edlia Carceller, que controla el 27% de la cervesera, i l&#8217;empresari alemany August&nbsp;Oetker, amb un 25%. La nissaga Carceller, una de les fortunes m\u00e9s grans d&#8217;Espanya, va entrar en l&#8217;accionariat a mitjans&nbsp;del anys&nbsp;seixanta, de la m\u00e0 de&nbsp;Demetrio&nbsp;Carceller Coll. Avui dia, el seu fill,&nbsp;Demetrio&nbsp;Carceller&nbsp;Arce, \u00e9s el president executiu del consell de Damm. Aquest financer, amb m\u00faltiples participacions empresarials en sectors&nbsp;molts&nbsp;diversos, ha fet de la internacionalitzaci\u00f3 de la marca el gran cavall de batalla de Damm de cara als pr\u00f2xims anys. Nom\u00e9s aix\u00ed s&#8217;ent\u00e9n que en l&#8217;\u00faltima junta d&#8217;accionistes reconegu\u00e9s p\u00fablicament davant dels periodistes que \u00abs&#8217;ha arribat tard a la internacionalitzaci\u00f3\u00bb, per destacar tot seguit que \u00abja s&#8217;han posat en marxa els mecanismes del nou pla de negoci per apostar per aquesta via\u00bb. En aquests moments, les vendes de Damm fora d&#8217;Espanya nom\u00e9s suposen el 4%, a pesar que la firma est\u00e0 present en quaranta-tres pa\u00efsos. En aquesta guerra per obrir-se pas en altres mercats, Damm est\u00e0 associant la seva imatge a la de la ciutat de Barcelona, bressol de la marca, i per aquesta ra\u00f3 les ampolles que es distribueixen fora d&#8217;Espanya van acompanyades del nom de la ciutat, amb el lema \u00abEstrella Damm.&nbsp;The&nbsp;Beer&nbsp;of&nbsp;Barcelona\u00bb. A m\u00e9s de l&#8217;Estrella Damm, tamb\u00e9 comercialitza internacionalment altres especialitats, com&nbsp;Inedit&nbsp;o Daura, una cervesa especial per a cel\u00edacs.<br><\/p>\n\n\n\n<blockquote class=\"wp-block-quote\"><p>\u201cEn l\u2019actualitat, el Grup Damm ha diversificat els seus interessos comercials en altres sectors del gran consum, com s\u00f3n les aig\u00fces i els sucs\u201d<\/p><\/blockquote>\n\n\n\n<p><br>El Grup Damm, que \u00e9s el tercer grup cerveser d&#8217;Espanya, darrere de Heineken-Cruzcampo&nbsp;i&nbsp;Mahou-San Miguel, en els \u00faltims anys ha ampliat els seus interessos en altres b\u00e9ns de gran consum, com s\u00f3n les aig\u00fces Veri i Fuente&nbsp;Liviana, companyies en qu\u00e8 t\u00e9 la majoria accionarial, o els sucs&nbsp;Granini. L&#8217;\u00faltima operaci\u00f3 ha estat l&#8217;adquisici\u00f3 del 10% del capital d&#8217;Ebro&nbsp;Foods, participaci\u00f3 amb la qual Damm es consolida com a segon accionista de refer\u00e8ncia del primer grup agroalimentari espanyol.<br><br>La comunicaci\u00f3, la publicitat i els patrocinis esportius, en qu\u00e8 Damm va ser una de les empreses pioneres a l&#8217;estat espanyol, van en la l\u00ednia dels esdeveniments globals i de les marques d&#8217;\u00e0mbit planetari, com la Barcelona&nbsp;World&nbsp;Race, la volta al m\u00f3n de vela a dos, o els convenis amb el F. C. Barcelona. En l&#8217;\u00e0mbit local, continua apostant pel concepte \u00abMediterr\u00e0niament\u00bb, que amb nom\u00e9s tres&nbsp;espots s&#8217;ha convertit a Catalunya en la campanya que d\u00f3na pas a l&#8217;estiu. Una bona realitzaci\u00f3, unes imatges suggerents i all\u00f2 que ara en diuen \u00abbon rotllo\u00bb \u00e9s el que traspuen aquests anuncis, amb unes bandes sonores que en algun cas s&#8217;han convertit en la can\u00e7\u00f3 de l&#8217;estiu, a pesar que ja fa anys que aquest r\u00e0nquing s&#8217;ha deixat de fer.<\/p>\n\n\n\n<p class=\"has-background\" style=\"background-color:#f8f9f9\"><strong>COM S&#8217;ELABORA LA CERVESA<br><\/strong>Les mat\u00e8ries primeres de la cervesa s\u00f3n el malt d&#8217;ordi, l&#8217;aigua, el ll\u00fapol i el llevat. L&#8217;ordi se selecciona i se sotmet a un proc\u00e9s de germinaci\u00f3 i de torrefacci\u00f3 conegut com a maltatge. El maltatge es completa en uns set dies. Tamb\u00e9 s&#8217;hi fa servir una petita quantitat d&#8217;arr\u00f2s, que d\u00f3na lleugeresa a la beguda.<br>Pel que fa a l&#8217;aigua, ha de ser pura i est\u00e8ril i no ha de tenir gustos ni olors estranys, ja que aix\u00f2 podria tenir una gran influ\u00e8ncia en les caracter\u00edstiques organol\u00e8ptiques de la cervesa. Per aromatitzar la beguda i donar-li l&#8217;amargor caracter\u00edstica s&#8217;hi afegeix el ll\u00fapol, una planta enfiladissa la flor femenina de la qual no nom\u00e9s contribueix a estabilitzar l&#8217;escuma, sin\u00f3 que, a m\u00e9s a m\u00e9s, t\u00e9 propietats antis\u00e8ptiques.<br>El llevat transforma en alcohol i gas carb\u00f2nic els sucres del most obtingut en la primera etapa del proc\u00e9s d&#8217;elaboraci\u00f3. El llevat utilitzat prov\u00e9 de soques pr\u00f2pies i, igual que les altres mat\u00e8ries primeres, \u00e9s sotm\u00e8s a un rigor\u00f3s proc\u00e9s d&#8217;an\u00e0lisi i control. No obstant aix\u00f2, el llevat de cervesa no es considera pr\u00f2piament mat\u00e8ria primera, ja que, una vegada s&#8217;ha acabat el proc\u00e9s de fermentaci\u00f3, es torna a separar completament de la cervesa i es pot reutilitzar de manera il\u00b7limitada preservant-ne i controlant-ne les caracter\u00edstiques.<br>En resum, l&#8217;elaboraci\u00f3 de la cervesa \u00e9s un proc\u00e9s minuci\u00f3s durant el qual la beguda va adquirint progressivament les seves caracter\u00edstiques definitives. Aquest proc\u00e9s, que dura unes quatre setmanes, s&#8217;estructura b\u00e0sicament en vuit etapes.<br><br><strong>OBTENCI\u00d3 DEL MOST<br><\/strong>El gra de malt m\u00f2lt i barrejat amb aigua se sotmet a un proc\u00e9s de cocci\u00f3 (brassatge) durant el qual el mid\u00f3 es transforma en sucres solubles i fermentables.<br><br><strong>FILTRACI\u00d3 I COCCI\u00d3<br><\/strong>Un cop filtrat el most, es recull a la caldera d&#8217;ebullici\u00f3 durant una hora i s&#8217;hi afegeix el ll\u00fapol. La concentraci\u00f3 final de sacarosa dissolta en el most determinar\u00e0 l&#8217;extracte sec primitiu.<br><br><strong>CLASSIFICACI\u00d3<br><\/strong>El most bullit es classifica en un dip\u00f2sit (remol\u00ed), on se n&#8217;eliminen les subst\u00e0ncies no solubles.<br><br><strong>REFREDAMENT<br><\/strong>El most es refredar\u00e0 en un bescanviador de calor fins als 8 o 10\u202f\u00b0C. Aquest \u00e9s un proc\u00e9s necessari per poder-hi afegir el llevat.<br><br><strong>FERMENTACI\u00d3<br><\/strong>El most passa a un tanc destinat a la fermentaci\u00f3. El llevat barrejat amb el most ja fred consumeix els sucres fermentables i forma alcohol i CO\u2082 de manera natural. La cervesa que s&#8217;obt\u00e9 s&#8217;anomena jove o verda.<br><br><strong>MADURACI\u00d3<\/strong><br>La cervesa jove passa als tancs de guarda, on es porta a terme la maduraci\u00f3. Aqu\u00ed s&#8217;hi est\u00e0 fins a quatre setmanes a 0\u202f\u00b0C. En aquesta fase, la cervesa va adquirint el seu car\u00e0cter definitiu.<br><br><strong>FILTRACI\u00d3 I CONDICIONAMENT<br><\/strong>La cervesa es filtra una vegada acabat el proc\u00e9s de maduraci\u00f3 i es discriminen els p\u00f2sits i les part\u00edcules que queden en suspensi\u00f3.<br><br><strong>ENVASAT<\/strong><br>Aquesta etapa tanca el proc\u00e9s d&#8217;elaboraci\u00f3. La cervesa s&#8217;envasa en envasos reutilitzables o no reutilitzables, llaunes i barril.<\/p>\n\n\n\n<p class=\"has-background\" style=\"background-color:#f8f9f9\"><strong>VISITAR L&#8217;ANTIGA F\u00c0BRICA<br><\/strong>L&#8217;antic centre fabril de Damm, situat al n\u00famero 515 del carrer Rossell\u00f3, \u00e9s un excel\u00b7lent exemple de patrimoni industrial barcelon\u00ed perfectament conservat. En l&#8217;actualitat, una part del recinte acull les oficines centrals del Grup Damm, per\u00f2 l&#8217;empresa ha obert al p\u00fablic alguns dels espais m\u00e9s emblem\u00e0tics, com la sala de les grans calderes de coure, on es feia la cocci\u00f3 del most. En un altre espai de tipus muse\u00edstic es repassa la hist\u00f2ria de la companyia i de la societat barcelonina, amb l&#8217;exposici\u00f3 Una Estrella des de 1876. L&#8217;entrada \u00e9s gratu\u00efta i les visites es fan cada dimecres, de 17.00 a 20.00 h. Pr\u00e8viament cal concretar la visita al n\u00famero de tel\u00e8fon 902 300 125.<\/p>\n","protected":false},"excerpt":{"rendered":"<p>PDF La companyia va n\u00e9ixer l&#8217;any 1876, per iniciativa del jove mestre cerveser alsaci\u00e0 August&nbsp;Kuentzmann&nbsp;Damm Com en tantes altres hist\u00f2ries d&#8217;emprenedors, els or\u00edgens de la cervesa m\u00e9s popular de Catalunya cal trobar-los en la immigraci\u00f3. A conseq\u00fc\u00e8ncia de la guerra francoprussiana (1870-1871), el matrimoni format per August&nbsp;Kuentzmann&nbsp;Damm (1843-1877) i la seva esposa,&nbsp;Melanie, va abandonar l&#8217;actual [&hellip;]<\/p>\n","protected":false},"author":12,"featured_media":0,"comment_status":"open","ping_status":"open","sticky":false,"template":"","format":"standard","meta":{"advgb_blocks_editor_width":"","advgb_blocks_columns_visual_guide":"","_editorskit_title_hidden":false,"_editorskit_reading_time":10},"categories":[106],"tags":[],"author_meta":{"display_name":"Redaccio Consell","author_link":"https:\/\/revistaconsell.com\/es\/author\/redaccioconsell\/"},"featured_img":null,"_links":{"self":[{"href":"https:\/\/revistaconsell.com\/es\/wp-json\/wp\/v2\/posts\/7013\/"}],"collection":[{"href":"https:\/\/revistaconsell.com\/es\/wp-json\/wp\/v2\/posts\/"}],"about":[{"href":"https:\/\/revistaconsell.com\/es\/wp-json\/wp\/v2\/types\/post\/"}],"author":[{"embeddable":true,"href":"https:\/\/revistaconsell.com\/es\/wp-json\/wp\/v2\/users\/12\/"}],"replies":[{"embeddable":true,"href":"https:\/\/revistaconsell.com\/es\/wp-json\/wp\/v2\/comments\/?post=7013"}],"version-history":[{"count":1,"href":"https:\/\/revistaconsell.com\/es\/wp-json\/wp\/v2\/posts\/7013\/revisions\/"}],"predecessor-version":[{"id":7014,"href":"https:\/\/revistaconsell.com\/es\/wp-json\/wp\/v2\/posts\/7013\/revisions\/7014\/"}],"wp:attachment":[{"href":"https:\/\/revistaconsell.com\/es\/wp-json\/wp\/v2\/media\/?parent=7013"}],"wp:term":[{"taxonomy":"category","embeddable":true,"href":"https:\/\/revistaconsell.com\/es\/wp-json\/wp\/v2\/categories\/?post=7013"},{"taxonomy":"post_tag","embeddable":true,"href":"https:\/\/revistaconsell.com\/es\/wp-json\/wp\/v2\/tags\/?post=7013"}],"curies":[{"name":"wp","href":"https:\/\/api.w.org\/{rel}","templated":true}]}}