{"id":9006,"date":"2023-06-18T09:08:26","date_gmt":"2023-06-18T08:08:26","guid":{"rendered":"https:\/\/revistaconsell.com\/legislar-en-moments-de-gran-complexitat\/"},"modified":"2023-06-18T11:47:21","modified_gmt":"2023-06-18T10:47:21","slug":"legislar-en-moments-de-gran-complexitat","status":"publish","type":"post","link":"https:\/\/revistaconsell.com\/es\/legislar-en-moments-de-gran-complexitat\/","title":{"rendered":"Legislar en moments de gran complexitat"},"content":{"rendered":"\n\n\n\t<div class=\"dkpdf-button-container\" style=\" text-align:right \">\n\n\t\t<a class=\"dkpdf-button\" href=\"\/es\/wp-json\/wp\/v2\/posts\/9006\/?pdf=9006\" target=\"_blank\"><span class=\"dkpdf-button-icon\"><i class=\"fa fa-file-pdf-o\"><\/i><\/span> PDF<\/a>\n\n\t<\/div>\n\n\n\n\n\n\n<figure class=\"wp-block-image size-large\"><img loading=\"lazy\" width=\"800\" height=\"400\" src=\"https:\/\/revistaconsell.com\/wp-content\/uploads\/2023\/06\/propiedad-horizontal.jpg\" alt=\"\" class=\"wp-image-9002\" srcset=\"https:\/\/revistaconsell.com\/wp-content\/uploads\/2023\/06\/propiedad-horizontal.jpg 800w, https:\/\/revistaconsell.com\/wp-content\/uploads\/2023\/06\/propiedad-horizontal-300x150.jpg 300w, https:\/\/revistaconsell.com\/wp-content\/uploads\/2023\/06\/propiedad-horizontal-768x384.jpg 768w\" sizes=\"(max-width: 800px) 100vw, 800px\" \/><\/figure>\n\n\n\n<p>Fa molt de temps que des del col\u00b7lectiu dels Administradors de Finques estem reclamant estabilitat i seguretat jur\u00eddica, en definitiva, un marc jur\u00eddic clar i perdurable en el temps, que ens permeti assessorar correctament a les comunitats de propietaris en la pressa d\u2019acords relatius a les diferents mesures de conservaci\u00f3, manteniment, efici\u00e8ncia energ\u00e8tica , seguretat als immobles, i tota&nbsp; la resta de q\u00fcestions que afecten a la gesti\u00f3 i bona administraci\u00f3 del edificis en r\u00e8gim de propietat horitzontal.&nbsp;<\/p>\n\n\n\n<p>Com a professionals especialment&nbsp; coneixedors de la complexitat que implica implementar aquestes mesures, com son la necessitat de convocar i celebrar les corresponents juntes, les diferents circumst\u00e0ncies e idiosincr\u00e0sia dels propietaris que les conformen, la sol\u00b7licitud pr\u00e8via d\u2019informes, pressupostos, recollida d\u2019informaci\u00f3 per a la tramitaci\u00f3 d\u2019ajuts, que permetin aquesta pressa d\u2019acords amb la informaci\u00f3 necess\u00e0ria i suficient, per a la seva efic\u00e0cia i posterior execuci\u00f3, fa que valorem la nostra veu com imprescindible per al legislador, abans d\u2019emprendre qualsevol reforma legislativa d\u2019afectaci\u00f3 en aquest \u00e0mbit.<\/p>\n\n\n\n<p>Val a dir que les bones relacions establertes amb els anys ens ha perm\u00e8s una col\u00b7laboraci\u00f3 amb els poders p\u00fablics fluida i continuada, que fa possible traslladar aquest parer des de l\u2019expertesa i la pr\u00e0ctica professional.<\/p>\n\n\n\n<p>Un exemple d\u2019aix\u00f2 ha estat el que ha passat amb la darrera reforma de l\u2019article 553-25 del Codi Civil Catal\u00e0, i introducci\u00f3 d\u2019un nou apartat a l\u2019apartat 553-25 bis,\u00a0 a dia d\u2019avui ja suprimit a la <a href=\"#2\" class=\"ek-link\">LLEI 3\/2023 de 16 de mar\u00e7<\/a>, de mesures fiscals, financeres, administratives i del sector p\u00fablic per al 2023, com ja s\u2019ha anat informant puntualment a trav\u00e9s de les corresponents circulars.<\/p>\n\n\n\n<blockquote class=\"wp-block-quote\"><p>La t\u00e8cnica legislativa consisteix no tan sols en una bona redacci\u00f3 de les lleis, sin\u00f3 que afecta a q\u00fcestions m\u00e9s generals i transcendents<\/p><\/blockquote>\n\n\n\n<p>Despr\u00e9s d\u2019haver participat en la modificaci\u00f3 legislativa d\u2019aquesta mat\u00e8ria, que enten\u00edem de principal import\u00e0ncia per tal de facilitar la millora energ\u00e8tica als edificis, i que va finalitzar amb l\u2019aprovaci\u00f3 del <a href=\"#1\" class=\"ek-link\">Decret-Llei 28\/2021 de 21 de desembre<\/a>, de modificaci\u00f3 del llibre cinqu\u00e8 del Codi civil de Catalunya, per tal d\u2019incorporar la regulaci\u00f3 de les instal\u00b7lacions per a la millora de l\u2019efici\u00e8ncia energ\u00e8tica o h\u00eddrica i dels sistemes d\u2019energies renovables en els edificis sotmesos al r\u00e8gim de propietat horitzontal, amb el contingut que ja us vam traslladar amb detall a la Jornada celebrada a l\u2019auditori del World Trade Center, tan sols un any despr\u00e9s de la seva aprovaci\u00f3, ens trobem amb l\u2019aprovaci\u00f3 d\u2019una norma transversal, la <a href=\"#3\" class=\"ek-link\">LLEI 11\/2022\u00a0 del 29 de desembre<\/a> de millorament urb\u00e0, ambiental i social dels barris i les viles, que sense fer cap refer\u00e8ncia al seu T\u00edtol, ni cap advertiment o justificaci\u00f3 a la seva exposici\u00f3 de motius, dins de la Disposici\u00f3 Addicional Tercera, modificava el Llibre V del Codi Civil, relatiu al r\u00e8gim de propietat horitzontal, afegint un n\u00famero bis a l\u2019article 553-25, amb clares contradiccions amb el que estableix el propi article, que alhora continuava vigent en la seva pr\u00f2pia redacci\u00f3, per la qual cosa, deixava els possibles acords al respecte en una situaci\u00f3 d\u2019inseguretat jur\u00eddica, que obria la porta a possibles impugnacions per aquells propietaris que no estiguessin d\u2019acord amb el continguts d\u2019aquests acords relatius a la implantaci\u00f3 de mesures d\u2019efici\u00e8ncia energ\u00e8tica, adoptats dins el marc vigent en aquell moment\u00a0<\/p>\n\n\n\n<p>Un cop mes, com ens venim trobant en aquests darrers temps, s\u2019oblida que la t\u00e8cnica legislativa consisteix no tan sols en una bona redacci\u00f3 de les lleis, sin\u00f3 que afecta a q\u00fcestions mes generals i transcendents, com son la unitat i coher\u00e8ncia de l\u2019ordenament jur\u00eddic i la qualitat, publicitat i viabilitat de les normes.<\/p>\n\n\n\n<p>Per un costat, introdu\u00efa un nou sistema&nbsp; de&nbsp; majoria simple basat exclusivament en les quotes de participaci\u00f3 dels propietaris que han participat en cada votaci\u00f3, que s\u2019apartava del actual sistema general de dobles majories de propietaris i quotes establert&nbsp; a l\u2019 article n\u00famero 553-25 i 26 CCCat per l\u2019adopci\u00f3 d\u2019acords en regiment de propietat horitzontal, i per altre, redu\u00efa el termini per a la impugnaci\u00f3 dels acords dels propietaris que no havien participat en la votaci\u00f3, els quals es podien oposar a l\u2019acord per mitj\u00e0 d\u2019un escrit presentat en el termini de quinze dies des de que els havia estat notificat, entre d\u2019altres menys transcendents modificacions.<\/p>\n\n\n\n<p>Una reacci\u00f3 r\u00e0pida des de la Corporaci\u00f3, i l\u2019esfor\u00e7 personal i&nbsp; pol\u00edtic per part del Departament de Just\u00edcia, ha possibilitat resoldre la problem\u00e0tica generada amb certa agilitat, en un moment que coincideix amb la celebraci\u00f3 de moltes de les Juntes anuals de propietaris, rectificaci\u00f3 que ha tornat la seguretat jur\u00eddica al marc legal vigent, i que possibilita alhora que no es perdi l\u2019oportunitat que pot suposar per moltes d\u2019aquestes comunitats l\u2019exist\u00e8ncia dels Fons <em>Next Generation<\/em>, per assolir un parc immobiliari mes sostenible. &nbsp;<\/p>\n\n\n\n<p>En definitiva, les lletres modificades de <a href=\"#4\" class=\"ek-link\">l\u2019article 553-25 del CCCat<\/a> queden redactades de la seg\u00fcent manera:<\/p>\n\n\n\n<ul><li>Article 553-25 LLETRA d: <em>\u00abd) L\u2019execuci\u00f3 de les obres per a instal\u00b7lar infraestructures comunes o equips amb la finalitat de millorar l\u2019efici\u00e8ncia energ\u00e8tica o h\u00eddrica, aix\u00ed com per a instal\u00b7lar sistemes d\u2019energies renovables i llurs elements auxiliars d\u2019\u00fas com\u00fa en elements comuns, encara que l\u2019acord comporti la modificaci\u00f3 del t\u00edtol de constituci\u00f3 i dels estatuts o afectin l\u2019estructura o la configuraci\u00f3 exterior.\u00bb<\/em><\/li><li>Article 553-25 LLETRA f: <em>\u00abf) La participaci\u00f3 en la generaci\u00f3 d\u2019energies renovables compartides amb altres comunitats de propietaris, en l\u2019agregaci\u00f3 de la demanda, aix\u00ed com tamb\u00e9 en comunitats energ\u00e8tiques locals o ciutadanes d\u2019energia, i en l\u2019exercici dels drets derivats d\u2019aquesta participaci\u00f3, encara que l\u2019acord comporti la modificaci\u00f3 del t\u00edtol de constituci\u00f3 i dels estatuts.\u00bb &nbsp;<\/em><\/li><\/ul>\n\n\n\n<p>I l\u2019article 553-25 bis, ha quedat definitivament suprimit.<\/p>\n\n\n\n<p>Seguirem atents i treballant per la millora continua!! &nbsp;<\/p>\n","protected":false},"excerpt":{"rendered":"<p>PDF Fa molt de temps que des del col\u00b7lectiu dels Administradors de Finques estem reclamant estabilitat i seguretat jur\u00eddica, en definitiva, un marc jur\u00eddic clar i perdurable en el temps, que ens permeti assessorar correctament a les comunitats de propietaris en la pressa d\u2019acords relatius a les diferents mesures de conservaci\u00f3, manteniment, efici\u00e8ncia energ\u00e8tica , [&hellip;]<\/p>\n","protected":false},"author":12,"featured_media":0,"comment_status":"open","ping_status":"open","sticky":false,"template":"","format":"standard","meta":{"advgb_blocks_editor_width":"","advgb_blocks_columns_visual_guide":"","_editorskit_title_hidden":false,"_editorskit_reading_time":3},"categories":[84],"tags":[],"author_meta":{"display_name":"Redaccio Consell","author_link":"https:\/\/revistaconsell.com\/es\/author\/redaccioconsell\/"},"featured_img":null,"_links":{"self":[{"href":"https:\/\/revistaconsell.com\/es\/wp-json\/wp\/v2\/posts\/9006\/"}],"collection":[{"href":"https:\/\/revistaconsell.com\/es\/wp-json\/wp\/v2\/posts\/"}],"about":[{"href":"https:\/\/revistaconsell.com\/es\/wp-json\/wp\/v2\/types\/post\/"}],"author":[{"embeddable":true,"href":"https:\/\/revistaconsell.com\/es\/wp-json\/wp\/v2\/users\/12\/"}],"replies":[{"embeddable":true,"href":"https:\/\/revistaconsell.com\/es\/wp-json\/wp\/v2\/comments\/?post=9006"}],"version-history":[{"count":2,"href":"https:\/\/revistaconsell.com\/es\/wp-json\/wp\/v2\/posts\/9006\/revisions\/"}],"predecessor-version":[{"id":9147,"href":"https:\/\/revistaconsell.com\/es\/wp-json\/wp\/v2\/posts\/9006\/revisions\/9147\/"}],"wp:attachment":[{"href":"https:\/\/revistaconsell.com\/es\/wp-json\/wp\/v2\/media\/?parent=9006"}],"wp:term":[{"taxonomy":"category","embeddable":true,"href":"https:\/\/revistaconsell.com\/es\/wp-json\/wp\/v2\/categories\/?post=9006"},{"taxonomy":"post_tag","embeddable":true,"href":"https:\/\/revistaconsell.com\/es\/wp-json\/wp\/v2\/tags\/?post=9006"}],"curies":[{"name":"wp","href":"https:\/\/api.w.org\/{rel}","templated":true}]}}